{"id":2948,"date":"2017-02-14T17:46:47","date_gmt":"2017-02-14T17:46:47","guid":{"rendered":"http:\/\/www.taxialicante.eu\/2017\/02\/14\/fiesta-de-san-juan\/"},"modified":"2017-04-02T10:35:29","modified_gmt":"2017-04-02T10:35:29","slug":"fiesta-de-san-juan","status":"publish","type":"post","link":"https:\/\/taxialicante.eu\/de\/2017\/02\/14\/fiesta-de-san-juan\/","title":{"rendered":"Fiesta de San Juan"},"content":{"rendered":"<p><strong>Die Fiesta de San Juan (Alicante) wird in ganz Spanien mit viel Tradition gefeiert. Sie findet in der Nacht von dem 23. Juni auf den 24. Juni statt, da der 24. Juni der Johannistag ist.<\/strong><\/p>\n<p>Je nach Dorf gibt es in Andalusien unterschiedliche Gebr\u00e4uche, welche an diesem Tag zelebriert werden. Allen ist jedoch das Freudenfeuer des Heiligen Johannes gemein, welches auch Hogueras de San Juan genannt wird. In vielen Orten in Andalusien werden an den Str\u00e4nden gro\u00dfe Feuer angez\u00fcndet, welche Gl\u00fcck bringen sollen und den Sieg des Lichts \u00fcber die Dunkelheit darstellen sollen. In den gr\u00f6\u00dferen St\u00e4dten kommen an den Str\u00e4nden viele Hunderte Menschen zusammen, w\u00e4hrend in kleineren D\u00f6rfern das Freudenfeuer etwas bescheidener ausf\u00e4llt.<\/p>\n<p>Zu den typischen Traditionen in dieser Nacht geh\u00f6rt das Schreiben von kleinen Wunschzetteln, die in das Feuer geworfen werden. Auch das mittern\u00e4chtliche Baden der F\u00fc\u00dfe oder des gesamten K\u00f6rpers im Meer z\u00e4hlt zu den klassischen Br\u00e4uchen im Rahmen der Fiesta de San Juan.<\/p>\n","protected":false},"excerpt":{"rendered":"<p>Die Fiesta de San Juan (Alicante) wird in ganz Spanien mit viel Tradition gefeiert. Sie findet in der Nacht von dem 23. Juni auf den 24. Juni statt, da der 24. Juni der Johannistag ist. Je nach Dorf gibt es in Andalusien unterschiedliche Gebr\u00e4uche, welche an diesem Tag zelebriert werden. Allen ist jedoch das Freudenfeuer des Heiligen Johannes gemein, welches auch Hogueras de San Juan genannt wird. In vielen Orten in Andalusien werden an den Str\u00e4nden gro\u00dfe Feuer angez\u00fcndet, welche Gl\u00fcck bringen sollen und den Sieg des Lichts \u00fcber die Dunkelheit darstellen sollen. In den gr\u00f6\u00dferen St\u00e4dten kommen an den Str\u00e4nden viele Hunderte Menschen zusammen, w\u00e4hrend in kleineren D\u00f6rfern das Freudenfeuer etwas bescheidener ausf\u00e4llt. Zu den typischen Traditionen in dieser Nacht geh\u00f6rt das Schreiben von kleinen Wunschzetteln, die in das Feuer geworfen werden. Auch das mittern\u00e4chtliche Baden der F\u00fc\u00dfe oder des gesamten K\u00f6rpers im Meer z\u00e4hlt zu den klassischen Br\u00e4uchen im Rahmen der Fiesta de San Juan.<\/p>\n","protected":false},"author":1,"featured_media":482,"comment_status":"closed","ping_status":"closed","sticky":false,"template":"","format":"standard","meta":{"footnotes":""},"categories":[156,155],"tags":[159,148,160,147,161,157,163,158,162,153,154],"class_list":["post-2948","post","type-post","status-publish","format-standard","has-post-thumbnail","hentry","category-alicante-veranstaltungen","category-veranstaltungen","tag-alicante-de","tag-costa-blanca-de","tag-ereignis","tag-featured-de","tag-feuerwerk","tag-hogueras","tag-musik","tag-san-juan-de","tag-sommer","tag-spanien","tag-taxi-alicante-de"],"yoast_head":"<!-- This site is optimized with the Yoast SEO plugin v26.5 - https:\/\/yoast.com\/wordpress\/plugins\/seo\/ -->\n<title>Fiesta San Juan - Sommerfest in Alicante (Hogueras)<\/title>\n<meta name=\"description\" content=\"Der Beginn des Sommers ist immer mit einem traditionellen und Volksfest von San Juan voller Musik, Farbe und Feuerwerk gefeiert. Fiesta San Juan - Alicante\" \/>\n<meta name=\"robots\" content=\"index, follow, max-snippet:-1, max-image-preview:large, max-video-preview:-1\" \/>\n<meta property=\"og:locale\" content=\"de_DE\" \/>\n<meta property=\"og:type\" content=\"article\" \/>\n<meta property=\"og:title\" content=\"Fiesta San Juan - Sommerfest in Alicante (Hogueras)\" \/>\n<meta property=\"og:description\" content=\"Der Beginn des Sommers ist immer mit einem traditionellen und Volksfest von San Juan voller Musik, Farbe und Feuerwerk gefeiert. Fiesta San Juan - Alicante\" \/>\n<meta property=\"og:url\" content=\"https:\/\/taxialicante.eu\/de\/2017\/02\/14\/fiesta-de-san-juan\/\" \/>\n<meta property=\"og:site_name\" content=\"Taxi Alicante\" \/>\n<meta property=\"article:publisher\" content=\"https:\/\/www.facebook.com\/taxialicantevalencia\/?fref=ts\" \/>\n<meta property=\"article:published_time\" content=\"2017-02-14T17:46:47+00:00\" \/>\n<meta property=\"article:modified_time\" content=\"2017-04-02T10:35:29+00:00\" \/>\n<meta property=\"og:image\" content=\"https:\/\/taxialicante.eu\/wp-content\/uploads\/2017\/01\/nieuws2-1.jpg\" \/>\n\t<meta property=\"og:image:width\" content=\"800\" \/>\n\t<meta property=\"og:image:height\" content=\"350\" \/>\n\t<meta property=\"og:image:type\" content=\"image\/jpeg\" \/>\n<meta name=\"author\" content=\"Taxi Alicante\" \/>\n<meta name=\"twitter:card\" content=\"summary_large_image\" \/>\n<meta name=\"twitter:label1\" content=\"Written by\" \/>\n\t<meta name=\"twitter:data1\" content=\"Taxi Alicante\" \/>\n\t<meta name=\"twitter:label2\" content=\"Est. reading time\" \/>\n\t<meta name=\"twitter:data2\" content=\"1 minute\" \/>\n<script type=\"application\/ld+json\" class=\"yoast-schema-graph\">{\"@context\":\"https:\/\/schema.org\",\"@graph\":[{\"@type\":\"Article\",\"@id\":\"https:\/\/taxialicante.eu\/de\/2017\/02\/14\/fiesta-de-san-juan\/#article\",\"isPartOf\":{\"@id\":\"https:\/\/taxialicante.eu\/de\/2017\/02\/14\/fiesta-de-san-juan\/\"},\"author\":{\"name\":\"Taxi Alicante\",\"@id\":\"https:\/\/taxialicante.eu\/#\/schema\/person\/1d9057877c73caba4def8d499d4c3d90\"},\"headline\":\"Fiesta de San Juan\",\"datePublished\":\"2017-02-14T17:46:47+00:00\",\"dateModified\":\"2017-04-02T10:35:29+00:00\",\"mainEntityOfPage\":{\"@id\":\"https:\/\/taxialicante.eu\/de\/2017\/02\/14\/fiesta-de-san-juan\/\"},\"wordCount\":175,\"publisher\":{\"@id\":\"https:\/\/taxialicante.eu\/#organization\"},\"image\":{\"@id\":\"https:\/\/taxialicante.eu\/de\/2017\/02\/14\/fiesta-de-san-juan\/#primaryimage\"},\"thumbnailUrl\":\"https:\/\/taxialicante.eu\/wp-content\/uploads\/2017\/01\/nieuws2-1.jpg\",\"keywords\":[\"alicante\",\"costa blanca\",\"ereignis\",\"featured\",\"feuerwerk\",\"hogueras\",\"musik\",\"san juan\",\"sommer\",\"spanien\",\"taxi alicante\"],\"articleSection\":[\"Alicante Veranstaltungen\",\"Veranstaltungen\"],\"inLanguage\":\"de\"},{\"@type\":\"WebPage\",\"@id\":\"https:\/\/taxialicante.eu\/de\/2017\/02\/14\/fiesta-de-san-juan\/\",\"url\":\"https:\/\/taxialicante.eu\/de\/2017\/02\/14\/fiesta-de-san-juan\/\",\"name\":\"Fiesta San Juan - Sommerfest in Alicante (Hogueras)\",\"isPartOf\":{\"@id\":\"https:\/\/taxialicante.eu\/#website\"},\"primaryImageOfPage\":{\"@id\":\"https:\/\/taxialicante.eu\/de\/2017\/02\/14\/fiesta-de-san-juan\/#primaryimage\"},\"image\":{\"@id\":\"https:\/\/taxialicante.eu\/de\/2017\/02\/14\/fiesta-de-san-juan\/#primaryimage\"},\"thumbnailUrl\":\"https:\/\/taxialicante.eu\/wp-content\/uploads\/2017\/01\/nieuws2-1.jpg\",\"datePublished\":\"2017-02-14T17:46:47+00:00\",\"dateModified\":\"2017-04-02T10:35:29+00:00\",\"description\":\"Der Beginn des Sommers ist immer mit einem traditionellen und Volksfest von San Juan voller Musik, Farbe und Feuerwerk gefeiert. Fiesta San Juan - Alicante\",\"breadcrumb\":{\"@id\":\"https:\/\/taxialicante.eu\/de\/2017\/02\/14\/fiesta-de-san-juan\/#breadcrumb\"},\"inLanguage\":\"de\",\"potentialAction\":[{\"@type\":\"ReadAction\",\"target\":[\"https:\/\/taxialicante.eu\/de\/2017\/02\/14\/fiesta-de-san-juan\/\"]}]},{\"@type\":\"ImageObject\",\"inLanguage\":\"de\",\"@id\":\"https:\/\/taxialicante.eu\/de\/2017\/02\/14\/fiesta-de-san-juan\/#primaryimage\",\"url\":\"https:\/\/taxialicante.eu\/wp-content\/uploads\/2017\/01\/nieuws2-1.jpg\",\"contentUrl\":\"https:\/\/taxialicante.eu\/wp-content\/uploads\/2017\/01\/nieuws2-1.jpg\",\"width\":800,\"height\":350,\"caption\":\"bonfires san juan alicante costa blanca hogueras\"},{\"@type\":\"BreadcrumbList\",\"@id\":\"https:\/\/taxialicante.eu\/de\/2017\/02\/14\/fiesta-de-san-juan\/#breadcrumb\",\"itemListElement\":[{\"@type\":\"ListItem\",\"position\":1,\"name\":\"Home\",\"item\":\"https:\/\/taxialicante.eu\/de\/\"},{\"@type\":\"ListItem\",\"position\":2,\"name\":\"Fiesta de San Juan\"}]},{\"@type\":\"WebSite\",\"@id\":\"https:\/\/taxialicante.eu\/#website\",\"url\":\"https:\/\/taxialicante.eu\/\",\"name\":\"Taxi Alicante\",\"description\":\"25 jaar ervaring in luchthavenvervoer\",\"publisher\":{\"@id\":\"https:\/\/taxialicante.eu\/#organization\"},\"potentialAction\":[{\"@type\":\"SearchAction\",\"target\":{\"@type\":\"EntryPoint\",\"urlTemplate\":\"https:\/\/taxialicante.eu\/?s={search_term_string}\"},\"query-input\":{\"@type\":\"PropertyValueSpecification\",\"valueRequired\":true,\"valueName\":\"search_term_string\"}}],\"inLanguage\":\"de\"},{\"@type\":\"Organization\",\"@id\":\"https:\/\/taxialicante.eu\/#organization\",\"name\":\"Taxi Alicante\",\"url\":\"https:\/\/taxialicante.eu\/\",\"logo\":{\"@type\":\"ImageObject\",\"inLanguage\":\"de\",\"@id\":\"https:\/\/taxialicante.eu\/#\/schema\/logo\/image\/\",\"url\":\"https:\/\/taxialicante.eu\/wp-content\/uploads\/2017\/02\/logo-red-1.png\",\"contentUrl\":\"https:\/\/taxialicante.eu\/wp-content\/uploads\/2017\/02\/logo-red-1.png\",\"width\":350,\"height\":84,\"caption\":\"Taxi Alicante\"},\"image\":{\"@id\":\"https:\/\/taxialicante.eu\/#\/schema\/logo\/image\/\"},\"sameAs\":[\"https:\/\/www.facebook.com\/taxialicantevalencia\/?fref=ts\"]},{\"@type\":\"Person\",\"@id\":\"https:\/\/taxialicante.eu\/#\/schema\/person\/1d9057877c73caba4def8d499d4c3d90\",\"name\":\"Taxi Alicante\",\"image\":{\"@type\":\"ImageObject\",\"inLanguage\":\"de\",\"@id\":\"https:\/\/taxialicante.eu\/#\/schema\/person\/image\/\",\"url\":\"https:\/\/secure.gravatar.com\/avatar\/643d740b11cc02a040a6cf787d5ed09df40e0ca8bdf8d79153fa12211f8de733?s=96&d=mm&r=g\",\"contentUrl\":\"https:\/\/secure.gravatar.com\/avatar\/643d740b11cc02a040a6cf787d5ed09df40e0ca8bdf8d79153fa12211f8de733?s=96&d=mm&r=g\",\"caption\":\"Taxi Alicante\"}}]}<\/script>\n<!-- \/ Yoast SEO plugin. -->","yoast_head_json":{"title":"Fiesta San Juan - Sommerfest in Alicante (Hogueras)","description":"Der Beginn des Sommers ist immer mit einem traditionellen und Volksfest von San Juan voller Musik, Farbe und Feuerwerk gefeiert. Fiesta San Juan - Alicante","robots":{"index":"index","follow":"follow","max-snippet":"max-snippet:-1","max-image-preview":"max-image-preview:large","max-video-preview":"max-video-preview:-1"},"og_locale":"de_DE","og_type":"article","og_title":"Fiesta San Juan - Sommerfest in Alicante (Hogueras)","og_description":"Der Beginn des Sommers ist immer mit einem traditionellen und Volksfest von San Juan voller Musik, Farbe und Feuerwerk gefeiert. Fiesta San Juan - Alicante","og_url":"https:\/\/taxialicante.eu\/de\/2017\/02\/14\/fiesta-de-san-juan\/","og_site_name":"Taxi Alicante","article_publisher":"https:\/\/www.facebook.com\/taxialicantevalencia\/?fref=ts","article_published_time":"2017-02-14T17:46:47+00:00","article_modified_time":"2017-04-02T10:35:29+00:00","og_image":[{"width":800,"height":350,"url":"https:\/\/taxialicante.eu\/wp-content\/uploads\/2017\/01\/nieuws2-1.jpg","type":"image\/jpeg"}],"author":"Taxi Alicante","twitter_card":"summary_large_image","twitter_misc":{"Written by":"Taxi Alicante","Est. reading time":"1 minute"},"schema":{"@context":"https:\/\/schema.org","@graph":[{"@type":"Article","@id":"https:\/\/taxialicante.eu\/de\/2017\/02\/14\/fiesta-de-san-juan\/#article","isPartOf":{"@id":"https:\/\/taxialicante.eu\/de\/2017\/02\/14\/fiesta-de-san-juan\/"},"author":{"name":"Taxi Alicante","@id":"https:\/\/taxialicante.eu\/#\/schema\/person\/1d9057877c73caba4def8d499d4c3d90"},"headline":"Fiesta de San Juan","datePublished":"2017-02-14T17:46:47+00:00","dateModified":"2017-04-02T10:35:29+00:00","mainEntityOfPage":{"@id":"https:\/\/taxialicante.eu\/de\/2017\/02\/14\/fiesta-de-san-juan\/"},"wordCount":175,"publisher":{"@id":"https:\/\/taxialicante.eu\/#organization"},"image":{"@id":"https:\/\/taxialicante.eu\/de\/2017\/02\/14\/fiesta-de-san-juan\/#primaryimage"},"thumbnailUrl":"https:\/\/taxialicante.eu\/wp-content\/uploads\/2017\/01\/nieuws2-1.jpg","keywords":["alicante","costa blanca","ereignis","featured","feuerwerk","hogueras","musik","san juan","sommer","spanien","taxi alicante"],"articleSection":["Alicante Veranstaltungen","Veranstaltungen"],"inLanguage":"de"},{"@type":"WebPage","@id":"https:\/\/taxialicante.eu\/de\/2017\/02\/14\/fiesta-de-san-juan\/","url":"https:\/\/taxialicante.eu\/de\/2017\/02\/14\/fiesta-de-san-juan\/","name":"Fiesta San Juan - Sommerfest in Alicante (Hogueras)","isPartOf":{"@id":"https:\/\/taxialicante.eu\/#website"},"primaryImageOfPage":{"@id":"https:\/\/taxialicante.eu\/de\/2017\/02\/14\/fiesta-de-san-juan\/#primaryimage"},"image":{"@id":"https:\/\/taxialicante.eu\/de\/2017\/02\/14\/fiesta-de-san-juan\/#primaryimage"},"thumbnailUrl":"https:\/\/taxialicante.eu\/wp-content\/uploads\/2017\/01\/nieuws2-1.jpg","datePublished":"2017-02-14T17:46:47+00:00","dateModified":"2017-04-02T10:35:29+00:00","description":"Der Beginn des Sommers ist immer mit einem traditionellen und Volksfest von San Juan voller Musik, Farbe und Feuerwerk gefeiert. Fiesta San Juan - Alicante","breadcrumb":{"@id":"https:\/\/taxialicante.eu\/de\/2017\/02\/14\/fiesta-de-san-juan\/#breadcrumb"},"inLanguage":"de","potentialAction":[{"@type":"ReadAction","target":["https:\/\/taxialicante.eu\/de\/2017\/02\/14\/fiesta-de-san-juan\/"]}]},{"@type":"ImageObject","inLanguage":"de","@id":"https:\/\/taxialicante.eu\/de\/2017\/02\/14\/fiesta-de-san-juan\/#primaryimage","url":"https:\/\/taxialicante.eu\/wp-content\/uploads\/2017\/01\/nieuws2-1.jpg","contentUrl":"https:\/\/taxialicante.eu\/wp-content\/uploads\/2017\/01\/nieuws2-1.jpg","width":800,"height":350,"caption":"bonfires san juan alicante costa blanca hogueras"},{"@type":"BreadcrumbList","@id":"https:\/\/taxialicante.eu\/de\/2017\/02\/14\/fiesta-de-san-juan\/#breadcrumb","itemListElement":[{"@type":"ListItem","position":1,"name":"Home","item":"https:\/\/taxialicante.eu\/de\/"},{"@type":"ListItem","position":2,"name":"Fiesta de San Juan"}]},{"@type":"WebSite","@id":"https:\/\/taxialicante.eu\/#website","url":"https:\/\/taxialicante.eu\/","name":"Taxi Alicante","description":"25 jaar ervaring in luchthavenvervoer","publisher":{"@id":"https:\/\/taxialicante.eu\/#organization"},"potentialAction":[{"@type":"SearchAction","target":{"@type":"EntryPoint","urlTemplate":"https:\/\/taxialicante.eu\/?s={search_term_string}"},"query-input":{"@type":"PropertyValueSpecification","valueRequired":true,"valueName":"search_term_string"}}],"inLanguage":"de"},{"@type":"Organization","@id":"https:\/\/taxialicante.eu\/#organization","name":"Taxi Alicante","url":"https:\/\/taxialicante.eu\/","logo":{"@type":"ImageObject","inLanguage":"de","@id":"https:\/\/taxialicante.eu\/#\/schema\/logo\/image\/","url":"https:\/\/taxialicante.eu\/wp-content\/uploads\/2017\/02\/logo-red-1.png","contentUrl":"https:\/\/taxialicante.eu\/wp-content\/uploads\/2017\/02\/logo-red-1.png","width":350,"height":84,"caption":"Taxi Alicante"},"image":{"@id":"https:\/\/taxialicante.eu\/#\/schema\/logo\/image\/"},"sameAs":["https:\/\/www.facebook.com\/taxialicantevalencia\/?fref=ts"]},{"@type":"Person","@id":"https:\/\/taxialicante.eu\/#\/schema\/person\/1d9057877c73caba4def8d499d4c3d90","name":"Taxi Alicante","image":{"@type":"ImageObject","inLanguage":"de","@id":"https:\/\/taxialicante.eu\/#\/schema\/person\/image\/","url":"https:\/\/secure.gravatar.com\/avatar\/643d740b11cc02a040a6cf787d5ed09df40e0ca8bdf8d79153fa12211f8de733?s=96&d=mm&r=g","contentUrl":"https:\/\/secure.gravatar.com\/avatar\/643d740b11cc02a040a6cf787d5ed09df40e0ca8bdf8d79153fa12211f8de733?s=96&d=mm&r=g","caption":"Taxi Alicante"}}]}},"_links":{"self":[{"href":"https:\/\/taxialicante.eu\/de\/wp-json\/wp\/v2\/posts\/2948","targetHints":{"allow":["GET"]}}],"collection":[{"href":"https:\/\/taxialicante.eu\/de\/wp-json\/wp\/v2\/posts"}],"about":[{"href":"https:\/\/taxialicante.eu\/de\/wp-json\/wp\/v2\/types\/post"}],"author":[{"embeddable":true,"href":"https:\/\/taxialicante.eu\/de\/wp-json\/wp\/v2\/users\/1"}],"replies":[{"embeddable":true,"href":"https:\/\/taxialicante.eu\/de\/wp-json\/wp\/v2\/comments?post=2948"}],"version-history":[{"count":0,"href":"https:\/\/taxialicante.eu\/de\/wp-json\/wp\/v2\/posts\/2948\/revisions"}],"wp:featuredmedia":[{"embeddable":true,"href":"https:\/\/taxialicante.eu\/de\/wp-json\/wp\/v2\/media\/482"}],"wp:attachment":[{"href":"https:\/\/taxialicante.eu\/de\/wp-json\/wp\/v2\/media?parent=2948"}],"wp:term":[{"taxonomy":"category","embeddable":true,"href":"https:\/\/taxialicante.eu\/de\/wp-json\/wp\/v2\/categories?post=2948"},{"taxonomy":"post_tag","embeddable":true,"href":"https:\/\/taxialicante.eu\/de\/wp-json\/wp\/v2\/tags?post=2948"}],"curies":[{"name":"wp","href":"https:\/\/api.w.org\/{rel}","templated":true}]}}