{"id":4135,"date":"2018-08-14T08:35:21","date_gmt":"2018-08-14T08:35:21","guid":{"rendered":"http:\/\/www.taxialicante.eu\/2018\/08\/14\/salinas-van-torrevieja\/"},"modified":"2018-08-14T09:30:20","modified_gmt":"2018-08-14T09:30:20","slug":"salinas-von-torrevieja","status":"publish","type":"post","link":"https:\/\/taxialicante.eu\/de\/2018\/08\/14\/salinas-von-torrevieja\/","title":{"rendered":"Salinas von Torrevieja"},"content":{"rendered":"<p>Es gibt zwei gro\u00dfe Salzseen um Torrevieja, sind diese auf zwei Arten ernannt, n\u00e4mlich die \u201eSalinas de Torrevieja und La Mata\u201c, sondern auch die \u201eLagunas de Torrevieja und La Mata\u201c, sind beide Namen synonym verwendet.<\/p>\n<p>Die Salinas von Torrevieja und La Mata sind nat\u00fcrlich und sind in der Comarca Vega Baja del Segura im S\u00fcden der Provinz Alicante in der autonomen Region Valencia an der spanischen Ostk\u00fcste n\u00f6rdlich der spanischen Hafen von Torrevieja.<\/p>\n<p>Der Salzsee hat auch eine medizinische Wirkung, viele Menschen mit Atembeschwerden, Rheuma oder Hautproblemen profitieren von einem mehrt\u00e4gigen Gang in die Salinas von Torrevieja. Manche nehmen sogar zuerst ein Schlammbad und andere &#8220;schwimmen&#8221; nur im Salzwasser. Aufgrund des hohen Salzgehaltes schwebt man auf dem Wasser, das Wasser f\u00fchlt sich sehr fettig an au\u00dfer Salz. Die 2 Salzseen von Torrevieja sind die gr\u00f6\u00dften in Europa. Eins mehr ist rosa und das andere ist gr\u00fcn in der Farbe.<\/p>\n<p>Die Salzseen sind das nat\u00fcrliche Spa Spaniens! Diese sind kostenlos zu besuchen und Sie k\u00f6nnen sich entspannen. Echtes Schwimmen ist schwierig, man kann nur schwimmen. Achten Sie darauf, Wasserschuhe zu tragen, die Salzkristalle am Boden sind sehr scharf. Leider gibt es immer noch keine Toiletten oder Duschen.<\/p>\n","protected":false},"excerpt":{"rendered":"<p>Es gibt zwei gro\u00dfe Salzseen um Torrevieja, sind diese auf zwei Arten ernannt, n\u00e4mlich die \u201eSalinas de Torrevieja und La Mata\u201c, sondern auch die \u201eLagunas de Torrevieja und La Mata\u201c, sind beide Namen synonym verwendet. Die Salinas von Torrevieja und La Mata sind nat\u00fcrlich und sind in der Comarca Vega Baja del Segura im S\u00fcden der Provinz Alicante in der autonomen Region Valencia an der spanischen Ostk\u00fcste n\u00f6rdlich der spanischen Hafen von Torrevieja. Der Salzsee hat auch eine medizinische Wirkung, viele Menschen mit Atembeschwerden, Rheuma oder Hautproblemen profitieren von einem mehrt\u00e4gigen Gang in die Salinas von Torrevieja. Manche nehmen sogar zuerst ein Schlammbad und andere &#8220;schwimmen&#8221; nur im Salzwasser. Aufgrund des hohen Salzgehaltes schwebt man auf dem Wasser, das Wasser f\u00fchlt sich sehr fettig an au\u00dfer Salz. Die 2 Salzseen von Torrevieja sind die gr\u00f6\u00dften in Europa. Eins mehr ist rosa und das andere ist gr\u00fcn in der Farbe. Die Salzseen sind das nat\u00fcrliche Spa Spaniens! Diese sind kostenlos zu besuchen und Sie k\u00f6nnen sich entspannen. Echtes Schwimmen ist schwierig, man kann nur schwimmen. Achten Sie darauf, Wasserschuhe zu tragen, die Salzkristalle am Boden sind sehr scharf. Leider gibt es immer noch keine Toiletten oder Duschen.<\/p>\n","protected":false},"author":1,"featured_media":4127,"comment_status":"closed","ping_status":"closed","sticky":false,"template":"","format":"standard","meta":{"footnotes":""},"categories":[],"tags":[147,345,340,363,360,368,372,153,352],"class_list":["post-4135","post","type-post","status-publish","format-standard","has-post-thumbnail","hentry","tag-featured-de","tag-la-mata-de","tag-lagunas-de","tag-naturpark","tag-salinas-de","tag-salz","tag-salzseen","tag-spanien","tag-torrevieja-de"],"yoast_head":"<!-- This site is optimized with the Yoast SEO plugin v26.5 - https:\/\/yoast.com\/wordpress\/plugins\/seo\/ -->\n<title>Salinas von Torrevieja - Taxi Alicante<\/title>\n<meta name=\"description\" content=\"Die Salinas von Torrevieja und La Mata sind nat\u00fcrlich und sind in der Comarca Vega Baja del Segura im S\u00fcden der Provinz Alicante.\" \/>\n<meta name=\"robots\" content=\"index, follow, max-snippet:-1, max-image-preview:large, max-video-preview:-1\" \/>\n<meta property=\"og:locale\" content=\"de_DE\" \/>\n<meta property=\"og:type\" content=\"article\" \/>\n<meta property=\"og:title\" content=\"Salinas von Torrevieja - Taxi Alicante\" \/>\n<meta property=\"og:description\" content=\"Die Salinas von Torrevieja und La Mata sind nat\u00fcrlich und sind in der Comarca Vega Baja del Segura im S\u00fcden der Provinz Alicante.\" \/>\n<meta property=\"og:url\" content=\"https:\/\/taxialicante.eu\/de\/2018\/08\/14\/salinas-von-torrevieja\/\" \/>\n<meta property=\"og:site_name\" content=\"Taxi Alicante\" \/>\n<meta property=\"article:publisher\" content=\"https:\/\/www.facebook.com\/taxialicantevalencia\/?fref=ts\" \/>\n<meta property=\"article:published_time\" content=\"2018-08-14T08:35:21+00:00\" \/>\n<meta property=\"article:modified_time\" content=\"2018-08-14T09:30:20+00:00\" \/>\n<meta property=\"og:image\" content=\"https:\/\/taxialicante.eu\/wp-content\/uploads\/2018\/08\/salinastorrevieja.jpg\" \/>\n\t<meta property=\"og:image:width\" content=\"800\" \/>\n\t<meta property=\"og:image:height\" content=\"350\" \/>\n\t<meta property=\"og:image:type\" content=\"image\/jpeg\" \/>\n<meta name=\"author\" content=\"Taxi Alicante\" \/>\n<meta name=\"twitter:card\" content=\"summary_large_image\" \/>\n<meta name=\"twitter:label1\" content=\"Written by\" \/>\n\t<meta name=\"twitter:data1\" content=\"Taxi Alicante\" \/>\n\t<meta name=\"twitter:label2\" content=\"Est. reading time\" \/>\n\t<meta name=\"twitter:data2\" content=\"1 minute\" \/>\n<script type=\"application\/ld+json\" class=\"yoast-schema-graph\">{\"@context\":\"https:\/\/schema.org\",\"@graph\":[{\"@type\":\"Article\",\"@id\":\"https:\/\/taxialicante.eu\/de\/2018\/08\/14\/salinas-von-torrevieja\/#article\",\"isPartOf\":{\"@id\":\"https:\/\/taxialicante.eu\/de\/2018\/08\/14\/salinas-von-torrevieja\/\"},\"author\":{\"name\":\"Taxi Alicante\",\"@id\":\"https:\/\/taxialicante.eu\/#\/schema\/person\/1d9057877c73caba4def8d499d4c3d90\"},\"headline\":\"Salinas von Torrevieja\",\"datePublished\":\"2018-08-14T08:35:21+00:00\",\"dateModified\":\"2018-08-14T09:30:20+00:00\",\"mainEntityOfPage\":{\"@id\":\"https:\/\/taxialicante.eu\/de\/2018\/08\/14\/salinas-von-torrevieja\/\"},\"wordCount\":211,\"publisher\":{\"@id\":\"https:\/\/taxialicante.eu\/#organization\"},\"image\":{\"@id\":\"https:\/\/taxialicante.eu\/de\/2018\/08\/14\/salinas-von-torrevieja\/#primaryimage\"},\"thumbnailUrl\":\"https:\/\/taxialicante.eu\/wp-content\/uploads\/2018\/08\/salinastorrevieja.jpg\",\"keywords\":[\"featured\",\"la mata\",\"lagunas\",\"Naturpark\",\"salinas\",\"salz\",\"Salzseen\",\"spanien\",\"torrevieja\"],\"inLanguage\":\"de\"},{\"@type\":\"WebPage\",\"@id\":\"https:\/\/taxialicante.eu\/de\/2018\/08\/14\/salinas-von-torrevieja\/\",\"url\":\"https:\/\/taxialicante.eu\/de\/2018\/08\/14\/salinas-von-torrevieja\/\",\"name\":\"Salinas von Torrevieja - Taxi Alicante\",\"isPartOf\":{\"@id\":\"https:\/\/taxialicante.eu\/#website\"},\"primaryImageOfPage\":{\"@id\":\"https:\/\/taxialicante.eu\/de\/2018\/08\/14\/salinas-von-torrevieja\/#primaryimage\"},\"image\":{\"@id\":\"https:\/\/taxialicante.eu\/de\/2018\/08\/14\/salinas-von-torrevieja\/#primaryimage\"},\"thumbnailUrl\":\"https:\/\/taxialicante.eu\/wp-content\/uploads\/2018\/08\/salinastorrevieja.jpg\",\"datePublished\":\"2018-08-14T08:35:21+00:00\",\"dateModified\":\"2018-08-14T09:30:20+00:00\",\"description\":\"Die Salinas von Torrevieja und La Mata sind nat\u00fcrlich und sind in der Comarca Vega Baja del Segura im S\u00fcden der Provinz Alicante.\",\"breadcrumb\":{\"@id\":\"https:\/\/taxialicante.eu\/de\/2018\/08\/14\/salinas-von-torrevieja\/#breadcrumb\"},\"inLanguage\":\"de\",\"potentialAction\":[{\"@type\":\"ReadAction\",\"target\":[\"https:\/\/taxialicante.eu\/de\/2018\/08\/14\/salinas-von-torrevieja\/\"]}]},{\"@type\":\"ImageObject\",\"inLanguage\":\"de\",\"@id\":\"https:\/\/taxialicante.eu\/de\/2018\/08\/14\/salinas-von-torrevieja\/#primaryimage\",\"url\":\"https:\/\/taxialicante.eu\/wp-content\/uploads\/2018\/08\/salinastorrevieja.jpg\",\"contentUrl\":\"https:\/\/taxialicante.eu\/wp-content\/uploads\/2018\/08\/salinastorrevieja.jpg\",\"width\":800,\"height\":350,\"caption\":\"salinas van torrevieja\"},{\"@type\":\"BreadcrumbList\",\"@id\":\"https:\/\/taxialicante.eu\/de\/2018\/08\/14\/salinas-von-torrevieja\/#breadcrumb\",\"itemListElement\":[{\"@type\":\"ListItem\",\"position\":1,\"name\":\"Home\",\"item\":\"https:\/\/taxialicante.eu\/de\/\"},{\"@type\":\"ListItem\",\"position\":2,\"name\":\"Salinas von Torrevieja\"}]},{\"@type\":\"WebSite\",\"@id\":\"https:\/\/taxialicante.eu\/#website\",\"url\":\"https:\/\/taxialicante.eu\/\",\"name\":\"Taxi Alicante\",\"description\":\"25 jaar ervaring in luchthavenvervoer\",\"publisher\":{\"@id\":\"https:\/\/taxialicante.eu\/#organization\"},\"potentialAction\":[{\"@type\":\"SearchAction\",\"target\":{\"@type\":\"EntryPoint\",\"urlTemplate\":\"https:\/\/taxialicante.eu\/?s={search_term_string}\"},\"query-input\":{\"@type\":\"PropertyValueSpecification\",\"valueRequired\":true,\"valueName\":\"search_term_string\"}}],\"inLanguage\":\"de\"},{\"@type\":\"Organization\",\"@id\":\"https:\/\/taxialicante.eu\/#organization\",\"name\":\"Taxi Alicante\",\"url\":\"https:\/\/taxialicante.eu\/\",\"logo\":{\"@type\":\"ImageObject\",\"inLanguage\":\"de\",\"@id\":\"https:\/\/taxialicante.eu\/#\/schema\/logo\/image\/\",\"url\":\"https:\/\/taxialicante.eu\/wp-content\/uploads\/2017\/02\/logo-red-1.png\",\"contentUrl\":\"https:\/\/taxialicante.eu\/wp-content\/uploads\/2017\/02\/logo-red-1.png\",\"width\":350,\"height\":84,\"caption\":\"Taxi Alicante\"},\"image\":{\"@id\":\"https:\/\/taxialicante.eu\/#\/schema\/logo\/image\/\"},\"sameAs\":[\"https:\/\/www.facebook.com\/taxialicantevalencia\/?fref=ts\"]},{\"@type\":\"Person\",\"@id\":\"https:\/\/taxialicante.eu\/#\/schema\/person\/1d9057877c73caba4def8d499d4c3d90\",\"name\":\"Taxi Alicante\",\"image\":{\"@type\":\"ImageObject\",\"inLanguage\":\"de\",\"@id\":\"https:\/\/taxialicante.eu\/#\/schema\/person\/image\/\",\"url\":\"https:\/\/secure.gravatar.com\/avatar\/643d740b11cc02a040a6cf787d5ed09df40e0ca8bdf8d79153fa12211f8de733?s=96&d=mm&r=g\",\"contentUrl\":\"https:\/\/secure.gravatar.com\/avatar\/643d740b11cc02a040a6cf787d5ed09df40e0ca8bdf8d79153fa12211f8de733?s=96&d=mm&r=g\",\"caption\":\"Taxi Alicante\"}}]}<\/script>\n<!-- \/ Yoast SEO plugin. -->","yoast_head_json":{"title":"Salinas von Torrevieja - Taxi Alicante","description":"Die Salinas von Torrevieja und La Mata sind nat\u00fcrlich und sind in der Comarca Vega Baja del Segura im S\u00fcden der Provinz Alicante.","robots":{"index":"index","follow":"follow","max-snippet":"max-snippet:-1","max-image-preview":"max-image-preview:large","max-video-preview":"max-video-preview:-1"},"og_locale":"de_DE","og_type":"article","og_title":"Salinas von Torrevieja - Taxi Alicante","og_description":"Die Salinas von Torrevieja und La Mata sind nat\u00fcrlich und sind in der Comarca Vega Baja del Segura im S\u00fcden der Provinz Alicante.","og_url":"https:\/\/taxialicante.eu\/de\/2018\/08\/14\/salinas-von-torrevieja\/","og_site_name":"Taxi Alicante","article_publisher":"https:\/\/www.facebook.com\/taxialicantevalencia\/?fref=ts","article_published_time":"2018-08-14T08:35:21+00:00","article_modified_time":"2018-08-14T09:30:20+00:00","og_image":[{"width":800,"height":350,"url":"https:\/\/taxialicante.eu\/wp-content\/uploads\/2018\/08\/salinastorrevieja.jpg","type":"image\/jpeg"}],"author":"Taxi Alicante","twitter_card":"summary_large_image","twitter_misc":{"Written by":"Taxi Alicante","Est. reading time":"1 minute"},"schema":{"@context":"https:\/\/schema.org","@graph":[{"@type":"Article","@id":"https:\/\/taxialicante.eu\/de\/2018\/08\/14\/salinas-von-torrevieja\/#article","isPartOf":{"@id":"https:\/\/taxialicante.eu\/de\/2018\/08\/14\/salinas-von-torrevieja\/"},"author":{"name":"Taxi Alicante","@id":"https:\/\/taxialicante.eu\/#\/schema\/person\/1d9057877c73caba4def8d499d4c3d90"},"headline":"Salinas von Torrevieja","datePublished":"2018-08-14T08:35:21+00:00","dateModified":"2018-08-14T09:30:20+00:00","mainEntityOfPage":{"@id":"https:\/\/taxialicante.eu\/de\/2018\/08\/14\/salinas-von-torrevieja\/"},"wordCount":211,"publisher":{"@id":"https:\/\/taxialicante.eu\/#organization"},"image":{"@id":"https:\/\/taxialicante.eu\/de\/2018\/08\/14\/salinas-von-torrevieja\/#primaryimage"},"thumbnailUrl":"https:\/\/taxialicante.eu\/wp-content\/uploads\/2018\/08\/salinastorrevieja.jpg","keywords":["featured","la mata","lagunas","Naturpark","salinas","salz","Salzseen","spanien","torrevieja"],"inLanguage":"de"},{"@type":"WebPage","@id":"https:\/\/taxialicante.eu\/de\/2018\/08\/14\/salinas-von-torrevieja\/","url":"https:\/\/taxialicante.eu\/de\/2018\/08\/14\/salinas-von-torrevieja\/","name":"Salinas von Torrevieja - Taxi Alicante","isPartOf":{"@id":"https:\/\/taxialicante.eu\/#website"},"primaryImageOfPage":{"@id":"https:\/\/taxialicante.eu\/de\/2018\/08\/14\/salinas-von-torrevieja\/#primaryimage"},"image":{"@id":"https:\/\/taxialicante.eu\/de\/2018\/08\/14\/salinas-von-torrevieja\/#primaryimage"},"thumbnailUrl":"https:\/\/taxialicante.eu\/wp-content\/uploads\/2018\/08\/salinastorrevieja.jpg","datePublished":"2018-08-14T08:35:21+00:00","dateModified":"2018-08-14T09:30:20+00:00","description":"Die Salinas von Torrevieja und La Mata sind nat\u00fcrlich und sind in der Comarca Vega Baja del Segura im S\u00fcden der Provinz Alicante.","breadcrumb":{"@id":"https:\/\/taxialicante.eu\/de\/2018\/08\/14\/salinas-von-torrevieja\/#breadcrumb"},"inLanguage":"de","potentialAction":[{"@type":"ReadAction","target":["https:\/\/taxialicante.eu\/de\/2018\/08\/14\/salinas-von-torrevieja\/"]}]},{"@type":"ImageObject","inLanguage":"de","@id":"https:\/\/taxialicante.eu\/de\/2018\/08\/14\/salinas-von-torrevieja\/#primaryimage","url":"https:\/\/taxialicante.eu\/wp-content\/uploads\/2018\/08\/salinastorrevieja.jpg","contentUrl":"https:\/\/taxialicante.eu\/wp-content\/uploads\/2018\/08\/salinastorrevieja.jpg","width":800,"height":350,"caption":"salinas van torrevieja"},{"@type":"BreadcrumbList","@id":"https:\/\/taxialicante.eu\/de\/2018\/08\/14\/salinas-von-torrevieja\/#breadcrumb","itemListElement":[{"@type":"ListItem","position":1,"name":"Home","item":"https:\/\/taxialicante.eu\/de\/"},{"@type":"ListItem","position":2,"name":"Salinas von Torrevieja"}]},{"@type":"WebSite","@id":"https:\/\/taxialicante.eu\/#website","url":"https:\/\/taxialicante.eu\/","name":"Taxi Alicante","description":"25 jaar ervaring in luchthavenvervoer","publisher":{"@id":"https:\/\/taxialicante.eu\/#organization"},"potentialAction":[{"@type":"SearchAction","target":{"@type":"EntryPoint","urlTemplate":"https:\/\/taxialicante.eu\/?s={search_term_string}"},"query-input":{"@type":"PropertyValueSpecification","valueRequired":true,"valueName":"search_term_string"}}],"inLanguage":"de"},{"@type":"Organization","@id":"https:\/\/taxialicante.eu\/#organization","name":"Taxi Alicante","url":"https:\/\/taxialicante.eu\/","logo":{"@type":"ImageObject","inLanguage":"de","@id":"https:\/\/taxialicante.eu\/#\/schema\/logo\/image\/","url":"https:\/\/taxialicante.eu\/wp-content\/uploads\/2017\/02\/logo-red-1.png","contentUrl":"https:\/\/taxialicante.eu\/wp-content\/uploads\/2017\/02\/logo-red-1.png","width":350,"height":84,"caption":"Taxi Alicante"},"image":{"@id":"https:\/\/taxialicante.eu\/#\/schema\/logo\/image\/"},"sameAs":["https:\/\/www.facebook.com\/taxialicantevalencia\/?fref=ts"]},{"@type":"Person","@id":"https:\/\/taxialicante.eu\/#\/schema\/person\/1d9057877c73caba4def8d499d4c3d90","name":"Taxi Alicante","image":{"@type":"ImageObject","inLanguage":"de","@id":"https:\/\/taxialicante.eu\/#\/schema\/person\/image\/","url":"https:\/\/secure.gravatar.com\/avatar\/643d740b11cc02a040a6cf787d5ed09df40e0ca8bdf8d79153fa12211f8de733?s=96&d=mm&r=g","contentUrl":"https:\/\/secure.gravatar.com\/avatar\/643d740b11cc02a040a6cf787d5ed09df40e0ca8bdf8d79153fa12211f8de733?s=96&d=mm&r=g","caption":"Taxi Alicante"}}]}},"_links":{"self":[{"href":"https:\/\/taxialicante.eu\/de\/wp-json\/wp\/v2\/posts\/4135","targetHints":{"allow":["GET"]}}],"collection":[{"href":"https:\/\/taxialicante.eu\/de\/wp-json\/wp\/v2\/posts"}],"about":[{"href":"https:\/\/taxialicante.eu\/de\/wp-json\/wp\/v2\/types\/post"}],"author":[{"embeddable":true,"href":"https:\/\/taxialicante.eu\/de\/wp-json\/wp\/v2\/users\/1"}],"replies":[{"embeddable":true,"href":"https:\/\/taxialicante.eu\/de\/wp-json\/wp\/v2\/comments?post=4135"}],"version-history":[{"count":0,"href":"https:\/\/taxialicante.eu\/de\/wp-json\/wp\/v2\/posts\/4135\/revisions"}],"wp:featuredmedia":[{"embeddable":true,"href":"https:\/\/taxialicante.eu\/de\/wp-json\/wp\/v2\/media\/4127"}],"wp:attachment":[{"href":"https:\/\/taxialicante.eu\/de\/wp-json\/wp\/v2\/media?parent=4135"}],"wp:term":[{"taxonomy":"category","embeddable":true,"href":"https:\/\/taxialicante.eu\/de\/wp-json\/wp\/v2\/categories?post=4135"},{"taxonomy":"post_tag","embeddable":true,"href":"https:\/\/taxialicante.eu\/de\/wp-json\/wp\/v2\/tags?post=4135"}],"curies":[{"name":"wp","href":"https:\/\/api.w.org\/{rel}","templated":true}]}}