{"id":5104,"date":"2020-04-23T20:43:55","date_gmt":"2020-04-23T18:43:55","guid":{"rendered":"https:\/\/www.taxialicante.eu\/2020\/04\/23\/corona-maatregelen\/"},"modified":"2020-04-23T21:01:34","modified_gmt":"2020-04-23T19:01:34","slug":"corona-massnahmen","status":"publish","type":"post","link":"https:\/\/taxialicante.eu\/de\/2020\/04\/23\/corona-massnahmen\/","title":{"rendered":"Corona Ma\u00dfnahmen"},"content":{"rendered":"<p>Spanien befindet sich seit mehreren Wochen in einer Corona-Krise. Sperrung des Landes, keine wesentlichen Reisen mehr, \u00f6ffentliches Leben und Gesch\u00e4fte stehen still. Trotzdem bleibt Taxi Alicante aktiv! Um allen beim (dringenden) privaten Flughafentransport zu helfen, bleiben wir an der Costa Blanca aktiv. Sie k\u00f6nnen sich auf uns f\u00fcr den privaten Transport zum und vom Flughafen Alicante, aber auch zu den Flugh\u00e4fen von Barcelona und Madrid verlassen. Oder ben\u00f6tigen Sie dringend einen Transfer (R\u00fcckf\u00fchrung) nach Belgien, in die Niederlande, nach Frankreich oder nach Deutschland? Hierf\u00fcr stehen Ihnen auch unsere Flotte und Fahrer zur Verf\u00fcgung. Wir werden Sie nicht im Stich lassen!<\/p>\n<p>Bei Taxi Alicante werden unsere Autos immer professionell mit einem Zertifikat desinfiziert! Dies in Zusammenarbeit mit Premium Detailing von Morad Samyr Vrod\u00a0(<a href=\"https:\/\/www.facebook.com\/groups\/442701002585196\/\">https:\/\/www.facebook.com\/groups\/442701002585196\/<\/a>).<\/p>\n<p><iframe loading=\"lazy\" src=\"https:\/\/www.youtube.com\/embed\/eP-0UQFu2Oo\" width=\"560\" height=\"315\" frameborder=\"0\" allowfullscreen=\"allowfullscreen\"><span data-mce-type=\"bookmark\" style=\"display: inline-block; width: 0px; overflow: hidden; line-height: 0;\" class=\"mce_SELRES_start\">\ufeff<\/span><\/iframe><br \/>\n<iframe loading=\"lazy\" src=\"https:\/\/www.youtube.com\/embed\/wGSklw2GK6w\" width=\"560\" height=\"315\" frameborder=\"0\" allowfullscreen=\"allowfullscreen\"><\/iframe><\/p>\n","protected":false},"excerpt":{"rendered":"<p>Spanien befindet sich seit mehreren Wochen in einer Corona-Krise. Sperrung des Landes, keine wesentlichen Reisen mehr, \u00f6ffentliches Leben und Gesch\u00e4fte stehen still. Trotzdem bleibt Taxi Alicante aktiv! Um allen beim (dringenden) privaten Flughafentransport zu helfen, bleiben wir an der Costa Blanca aktiv. Sie k\u00f6nnen sich auf uns f\u00fcr den privaten Transport zum und vom Flughafen Alicante, aber auch zu den Flugh\u00e4fen von Barcelona und Madrid verlassen. Oder ben\u00f6tigen Sie dringend einen Transfer (R\u00fcckf\u00fchrung) nach Belgien, in die Niederlande, nach Frankreich oder nach Deutschland? Hierf\u00fcr stehen Ihnen auch unsere Flotte und Fahrer zur Verf\u00fcgung. Wir werden Sie nicht im Stich lassen! Bei Taxi Alicante werden unsere Autos immer professionell mit einem Zertifikat desinfiziert! Dies in Zusammenarbeit mit Premium Detailing von Morad Samyr Vrod\u00a0(https:\/\/www.facebook.com\/groups\/442701002585196\/). \ufeff<\/p>\n","protected":false},"author":1,"featured_media":5100,"comment_status":"closed","ping_status":"closed","sticky":false,"template":"","format":"standard","meta":{"footnotes":""},"categories":[245,249],"tags":[159,639,147,446,447,152,154,652,653,166],"class_list":["post-5104","post","type-post","status-publish","format-standard","has-post-thumbnail","hentry","category-flughafen-alicante","category-flughafen-valencia","tag-alicante-de","tag-corona-virus-de","tag-featured-de","tag-flughafen-service","tag-flughafen-transfer","tag-taxi-de","tag-taxi-alicante-de","tag-taxi-desinfizieren","tag-taxi-mit-corona-massnahmen","tag-valencia-de"],"yoast_head":"<!-- This site is optimized with the Yoast SEO plugin v26.5 - https:\/\/yoast.com\/wordpress\/plugins\/seo\/ -->\n<title>Taxi mit Corona Ma\u00dfnahmen - Taxi Alicante bleibt aktiv<\/title>\n<meta name=\"description\" content=\"Um allen beim (dringenden) privaten Flughafentransport zu helfen, bleiben wir an der Costa Blanca aktiv. Sie k\u00f6nnen sich auf uns verlassen.\" \/>\n<meta name=\"robots\" content=\"index, follow, max-snippet:-1, max-image-preview:large, max-video-preview:-1\" \/>\n<meta property=\"og:locale\" content=\"de_DE\" \/>\n<meta property=\"og:type\" content=\"article\" \/>\n<meta property=\"og:title\" content=\"Taxi mit Corona Ma\u00dfnahmen - Taxi Alicante bleibt aktiv\" \/>\n<meta property=\"og:description\" content=\"Um allen beim (dringenden) privaten Flughafentransport zu helfen, bleiben wir an der Costa Blanca aktiv. Sie k\u00f6nnen sich auf uns verlassen.\" \/>\n<meta property=\"og:url\" content=\"https:\/\/taxialicante.eu\/de\/2020\/04\/23\/corona-massnahmen\/\" \/>\n<meta property=\"og:site_name\" content=\"Taxi Alicante\" \/>\n<meta property=\"article:publisher\" content=\"https:\/\/www.facebook.com\/taxialicantevalencia\/?fref=ts\" \/>\n<meta property=\"article:published_time\" content=\"2020-04-23T18:43:55+00:00\" \/>\n<meta property=\"article:modified_time\" content=\"2020-04-23T19:01:34+00:00\" \/>\n<meta property=\"og:image\" content=\"https:\/\/taxialicante.eu\/wp-content\/uploads\/2020\/04\/blog-corona.png\" \/>\n\t<meta property=\"og:image:width\" content=\"800\" \/>\n\t<meta property=\"og:image:height\" content=\"350\" \/>\n\t<meta property=\"og:image:type\" content=\"image\/png\" \/>\n<meta name=\"author\" content=\"Taxi Alicante\" \/>\n<meta name=\"twitter:card\" content=\"summary_large_image\" \/>\n<meta name=\"twitter:label1\" content=\"Written by\" \/>\n\t<meta name=\"twitter:data1\" content=\"Taxi Alicante\" \/>\n\t<meta name=\"twitter:label2\" content=\"Est. reading time\" \/>\n\t<meta name=\"twitter:data2\" content=\"1 minute\" \/>\n<script type=\"application\/ld+json\" class=\"yoast-schema-graph\">{\"@context\":\"https:\/\/schema.org\",\"@graph\":[{\"@type\":\"Article\",\"@id\":\"https:\/\/taxialicante.eu\/de\/2020\/04\/23\/corona-massnahmen\/#article\",\"isPartOf\":{\"@id\":\"https:\/\/taxialicante.eu\/de\/2020\/04\/23\/corona-massnahmen\/\"},\"author\":{\"name\":\"Taxi Alicante\",\"@id\":\"https:\/\/taxialicante.eu\/#\/schema\/person\/1d9057877c73caba4def8d499d4c3d90\"},\"headline\":\"Corona Ma\u00dfnahmen\",\"datePublished\":\"2020-04-23T18:43:55+00:00\",\"dateModified\":\"2020-04-23T19:01:34+00:00\",\"mainEntityOfPage\":{\"@id\":\"https:\/\/taxialicante.eu\/de\/2020\/04\/23\/corona-massnahmen\/\"},\"wordCount\":139,\"publisher\":{\"@id\":\"https:\/\/taxialicante.eu\/#organization\"},\"image\":{\"@id\":\"https:\/\/taxialicante.eu\/de\/2020\/04\/23\/corona-massnahmen\/#primaryimage\"},\"thumbnailUrl\":\"https:\/\/taxialicante.eu\/wp-content\/uploads\/2020\/04\/blog-corona.png\",\"keywords\":[\"alicante\",\"corona virus\",\"featured\",\"flughafen service\",\"flughafen transfer\",\"taxi\",\"taxi alicante\",\"taxi desinfizieren\",\"taxi mit corona massnahmen\",\"valencia\"],\"articleSection\":[\"Flughafen Alicante\",\"Flughafen Valencia\"],\"inLanguage\":\"de\"},{\"@type\":\"WebPage\",\"@id\":\"https:\/\/taxialicante.eu\/de\/2020\/04\/23\/corona-massnahmen\/\",\"url\":\"https:\/\/taxialicante.eu\/de\/2020\/04\/23\/corona-massnahmen\/\",\"name\":\"Taxi mit Corona Ma\u00dfnahmen - Taxi Alicante bleibt aktiv\",\"isPartOf\":{\"@id\":\"https:\/\/taxialicante.eu\/#website\"},\"primaryImageOfPage\":{\"@id\":\"https:\/\/taxialicante.eu\/de\/2020\/04\/23\/corona-massnahmen\/#primaryimage\"},\"image\":{\"@id\":\"https:\/\/taxialicante.eu\/de\/2020\/04\/23\/corona-massnahmen\/#primaryimage\"},\"thumbnailUrl\":\"https:\/\/taxialicante.eu\/wp-content\/uploads\/2020\/04\/blog-corona.png\",\"datePublished\":\"2020-04-23T18:43:55+00:00\",\"dateModified\":\"2020-04-23T19:01:34+00:00\",\"description\":\"Um allen beim (dringenden) privaten Flughafentransport zu helfen, bleiben wir an der Costa Blanca aktiv. Sie k\u00f6nnen sich auf uns verlassen.\",\"breadcrumb\":{\"@id\":\"https:\/\/taxialicante.eu\/de\/2020\/04\/23\/corona-massnahmen\/#breadcrumb\"},\"inLanguage\":\"de\",\"potentialAction\":[{\"@type\":\"ReadAction\",\"target\":[\"https:\/\/taxialicante.eu\/de\/2020\/04\/23\/corona-massnahmen\/\"]}]},{\"@type\":\"ImageObject\",\"inLanguage\":\"de\",\"@id\":\"https:\/\/taxialicante.eu\/de\/2020\/04\/23\/corona-massnahmen\/#primaryimage\",\"url\":\"https:\/\/taxialicante.eu\/wp-content\/uploads\/2020\/04\/blog-corona.png\",\"contentUrl\":\"https:\/\/taxialicante.eu\/wp-content\/uploads\/2020\/04\/blog-corona.png\",\"width\":800,\"height\":350,\"caption\":\"taxi tijdens corona maatregelen\"},{\"@type\":\"BreadcrumbList\",\"@id\":\"https:\/\/taxialicante.eu\/de\/2020\/04\/23\/corona-massnahmen\/#breadcrumb\",\"itemListElement\":[{\"@type\":\"ListItem\",\"position\":1,\"name\":\"Home\",\"item\":\"https:\/\/taxialicante.eu\/de\/\"},{\"@type\":\"ListItem\",\"position\":2,\"name\":\"Corona Ma\u00dfnahmen\"}]},{\"@type\":\"WebSite\",\"@id\":\"https:\/\/taxialicante.eu\/#website\",\"url\":\"https:\/\/taxialicante.eu\/\",\"name\":\"Taxi Alicante\",\"description\":\"25 jaar ervaring in luchthavenvervoer\",\"publisher\":{\"@id\":\"https:\/\/taxialicante.eu\/#organization\"},\"potentialAction\":[{\"@type\":\"SearchAction\",\"target\":{\"@type\":\"EntryPoint\",\"urlTemplate\":\"https:\/\/taxialicante.eu\/?s={search_term_string}\"},\"query-input\":{\"@type\":\"PropertyValueSpecification\",\"valueRequired\":true,\"valueName\":\"search_term_string\"}}],\"inLanguage\":\"de\"},{\"@type\":\"Organization\",\"@id\":\"https:\/\/taxialicante.eu\/#organization\",\"name\":\"Taxi Alicante\",\"url\":\"https:\/\/taxialicante.eu\/\",\"logo\":{\"@type\":\"ImageObject\",\"inLanguage\":\"de\",\"@id\":\"https:\/\/taxialicante.eu\/#\/schema\/logo\/image\/\",\"url\":\"https:\/\/taxialicante.eu\/wp-content\/uploads\/2017\/02\/logo-red-1.png\",\"contentUrl\":\"https:\/\/taxialicante.eu\/wp-content\/uploads\/2017\/02\/logo-red-1.png\",\"width\":350,\"height\":84,\"caption\":\"Taxi Alicante\"},\"image\":{\"@id\":\"https:\/\/taxialicante.eu\/#\/schema\/logo\/image\/\"},\"sameAs\":[\"https:\/\/www.facebook.com\/taxialicantevalencia\/?fref=ts\"]},{\"@type\":\"Person\",\"@id\":\"https:\/\/taxialicante.eu\/#\/schema\/person\/1d9057877c73caba4def8d499d4c3d90\",\"name\":\"Taxi Alicante\",\"image\":{\"@type\":\"ImageObject\",\"inLanguage\":\"de\",\"@id\":\"https:\/\/taxialicante.eu\/#\/schema\/person\/image\/\",\"url\":\"https:\/\/secure.gravatar.com\/avatar\/643d740b11cc02a040a6cf787d5ed09df40e0ca8bdf8d79153fa12211f8de733?s=96&d=mm&r=g\",\"contentUrl\":\"https:\/\/secure.gravatar.com\/avatar\/643d740b11cc02a040a6cf787d5ed09df40e0ca8bdf8d79153fa12211f8de733?s=96&d=mm&r=g\",\"caption\":\"Taxi Alicante\"}}]}<\/script>\n<!-- \/ Yoast SEO plugin. -->","yoast_head_json":{"title":"Taxi mit Corona Ma\u00dfnahmen - Taxi Alicante bleibt aktiv","description":"Um allen beim (dringenden) privaten Flughafentransport zu helfen, bleiben wir an der Costa Blanca aktiv. Sie k\u00f6nnen sich auf uns verlassen.","robots":{"index":"index","follow":"follow","max-snippet":"max-snippet:-1","max-image-preview":"max-image-preview:large","max-video-preview":"max-video-preview:-1"},"og_locale":"de_DE","og_type":"article","og_title":"Taxi mit Corona Ma\u00dfnahmen - Taxi Alicante bleibt aktiv","og_description":"Um allen beim (dringenden) privaten Flughafentransport zu helfen, bleiben wir an der Costa Blanca aktiv. Sie k\u00f6nnen sich auf uns verlassen.","og_url":"https:\/\/taxialicante.eu\/de\/2020\/04\/23\/corona-massnahmen\/","og_site_name":"Taxi Alicante","article_publisher":"https:\/\/www.facebook.com\/taxialicantevalencia\/?fref=ts","article_published_time":"2020-04-23T18:43:55+00:00","article_modified_time":"2020-04-23T19:01:34+00:00","og_image":[{"width":800,"height":350,"url":"https:\/\/taxialicante.eu\/wp-content\/uploads\/2020\/04\/blog-corona.png","type":"image\/png"}],"author":"Taxi Alicante","twitter_card":"summary_large_image","twitter_misc":{"Written by":"Taxi Alicante","Est. reading time":"1 minute"},"schema":{"@context":"https:\/\/schema.org","@graph":[{"@type":"Article","@id":"https:\/\/taxialicante.eu\/de\/2020\/04\/23\/corona-massnahmen\/#article","isPartOf":{"@id":"https:\/\/taxialicante.eu\/de\/2020\/04\/23\/corona-massnahmen\/"},"author":{"name":"Taxi Alicante","@id":"https:\/\/taxialicante.eu\/#\/schema\/person\/1d9057877c73caba4def8d499d4c3d90"},"headline":"Corona Ma\u00dfnahmen","datePublished":"2020-04-23T18:43:55+00:00","dateModified":"2020-04-23T19:01:34+00:00","mainEntityOfPage":{"@id":"https:\/\/taxialicante.eu\/de\/2020\/04\/23\/corona-massnahmen\/"},"wordCount":139,"publisher":{"@id":"https:\/\/taxialicante.eu\/#organization"},"image":{"@id":"https:\/\/taxialicante.eu\/de\/2020\/04\/23\/corona-massnahmen\/#primaryimage"},"thumbnailUrl":"https:\/\/taxialicante.eu\/wp-content\/uploads\/2020\/04\/blog-corona.png","keywords":["alicante","corona virus","featured","flughafen service","flughafen transfer","taxi","taxi alicante","taxi desinfizieren","taxi mit corona massnahmen","valencia"],"articleSection":["Flughafen Alicante","Flughafen Valencia"],"inLanguage":"de"},{"@type":"WebPage","@id":"https:\/\/taxialicante.eu\/de\/2020\/04\/23\/corona-massnahmen\/","url":"https:\/\/taxialicante.eu\/de\/2020\/04\/23\/corona-massnahmen\/","name":"Taxi mit Corona Ma\u00dfnahmen - Taxi Alicante bleibt aktiv","isPartOf":{"@id":"https:\/\/taxialicante.eu\/#website"},"primaryImageOfPage":{"@id":"https:\/\/taxialicante.eu\/de\/2020\/04\/23\/corona-massnahmen\/#primaryimage"},"image":{"@id":"https:\/\/taxialicante.eu\/de\/2020\/04\/23\/corona-massnahmen\/#primaryimage"},"thumbnailUrl":"https:\/\/taxialicante.eu\/wp-content\/uploads\/2020\/04\/blog-corona.png","datePublished":"2020-04-23T18:43:55+00:00","dateModified":"2020-04-23T19:01:34+00:00","description":"Um allen beim (dringenden) privaten Flughafentransport zu helfen, bleiben wir an der Costa Blanca aktiv. Sie k\u00f6nnen sich auf uns verlassen.","breadcrumb":{"@id":"https:\/\/taxialicante.eu\/de\/2020\/04\/23\/corona-massnahmen\/#breadcrumb"},"inLanguage":"de","potentialAction":[{"@type":"ReadAction","target":["https:\/\/taxialicante.eu\/de\/2020\/04\/23\/corona-massnahmen\/"]}]},{"@type":"ImageObject","inLanguage":"de","@id":"https:\/\/taxialicante.eu\/de\/2020\/04\/23\/corona-massnahmen\/#primaryimage","url":"https:\/\/taxialicante.eu\/wp-content\/uploads\/2020\/04\/blog-corona.png","contentUrl":"https:\/\/taxialicante.eu\/wp-content\/uploads\/2020\/04\/blog-corona.png","width":800,"height":350,"caption":"taxi tijdens corona maatregelen"},{"@type":"BreadcrumbList","@id":"https:\/\/taxialicante.eu\/de\/2020\/04\/23\/corona-massnahmen\/#breadcrumb","itemListElement":[{"@type":"ListItem","position":1,"name":"Home","item":"https:\/\/taxialicante.eu\/de\/"},{"@type":"ListItem","position":2,"name":"Corona Ma\u00dfnahmen"}]},{"@type":"WebSite","@id":"https:\/\/taxialicante.eu\/#website","url":"https:\/\/taxialicante.eu\/","name":"Taxi Alicante","description":"25 jaar ervaring in luchthavenvervoer","publisher":{"@id":"https:\/\/taxialicante.eu\/#organization"},"potentialAction":[{"@type":"SearchAction","target":{"@type":"EntryPoint","urlTemplate":"https:\/\/taxialicante.eu\/?s={search_term_string}"},"query-input":{"@type":"PropertyValueSpecification","valueRequired":true,"valueName":"search_term_string"}}],"inLanguage":"de"},{"@type":"Organization","@id":"https:\/\/taxialicante.eu\/#organization","name":"Taxi Alicante","url":"https:\/\/taxialicante.eu\/","logo":{"@type":"ImageObject","inLanguage":"de","@id":"https:\/\/taxialicante.eu\/#\/schema\/logo\/image\/","url":"https:\/\/taxialicante.eu\/wp-content\/uploads\/2017\/02\/logo-red-1.png","contentUrl":"https:\/\/taxialicante.eu\/wp-content\/uploads\/2017\/02\/logo-red-1.png","width":350,"height":84,"caption":"Taxi Alicante"},"image":{"@id":"https:\/\/taxialicante.eu\/#\/schema\/logo\/image\/"},"sameAs":["https:\/\/www.facebook.com\/taxialicantevalencia\/?fref=ts"]},{"@type":"Person","@id":"https:\/\/taxialicante.eu\/#\/schema\/person\/1d9057877c73caba4def8d499d4c3d90","name":"Taxi Alicante","image":{"@type":"ImageObject","inLanguage":"de","@id":"https:\/\/taxialicante.eu\/#\/schema\/person\/image\/","url":"https:\/\/secure.gravatar.com\/avatar\/643d740b11cc02a040a6cf787d5ed09df40e0ca8bdf8d79153fa12211f8de733?s=96&d=mm&r=g","contentUrl":"https:\/\/secure.gravatar.com\/avatar\/643d740b11cc02a040a6cf787d5ed09df40e0ca8bdf8d79153fa12211f8de733?s=96&d=mm&r=g","caption":"Taxi Alicante"}}]}},"_links":{"self":[{"href":"https:\/\/taxialicante.eu\/de\/wp-json\/wp\/v2\/posts\/5104","targetHints":{"allow":["GET"]}}],"collection":[{"href":"https:\/\/taxialicante.eu\/de\/wp-json\/wp\/v2\/posts"}],"about":[{"href":"https:\/\/taxialicante.eu\/de\/wp-json\/wp\/v2\/types\/post"}],"author":[{"embeddable":true,"href":"https:\/\/taxialicante.eu\/de\/wp-json\/wp\/v2\/users\/1"}],"replies":[{"embeddable":true,"href":"https:\/\/taxialicante.eu\/de\/wp-json\/wp\/v2\/comments?post=5104"}],"version-history":[{"count":3,"href":"https:\/\/taxialicante.eu\/de\/wp-json\/wp\/v2\/posts\/5104\/revisions"}],"predecessor-version":[{"id":5118,"href":"https:\/\/taxialicante.eu\/de\/wp-json\/wp\/v2\/posts\/5104\/revisions\/5118"}],"wp:featuredmedia":[{"embeddable":true,"href":"https:\/\/taxialicante.eu\/de\/wp-json\/wp\/v2\/media\/5100"}],"wp:attachment":[{"href":"https:\/\/taxialicante.eu\/de\/wp-json\/wp\/v2\/media?parent=5104"}],"wp:term":[{"taxonomy":"category","embeddable":true,"href":"https:\/\/taxialicante.eu\/de\/wp-json\/wp\/v2\/categories?post=5104"},{"taxonomy":"post_tag","embeddable":true,"href":"https:\/\/taxialicante.eu\/de\/wp-json\/wp\/v2\/tags?post=5104"}],"curies":[{"name":"wp","href":"https:\/\/api.w.org\/{rel}","templated":true}]}}