{"id":2385,"date":"2017-02-14T17:46:47","date_gmt":"2017-02-14T17:46:47","guid":{"rendered":"http:\/\/www.taxialicante.eu\/2017\/02\/14\/bonfires-sanjuan-alicante-2\/"},"modified":"2017-04-02T08:36:13","modified_gmt":"2017-04-02T08:36:13","slug":"hogueras-sanjuan-alicante","status":"publish","type":"post","link":"https:\/\/taxialicante.eu\/es\/2017\/02\/14\/hogueras-sanjuan-alicante\/","title":{"rendered":"Hogueras de San Juan"},"content":{"rendered":"<div class=\"col100\">\n<p><strong>Alicante celebra la llegada del verano con las Hogueras de San Juan. Rodeados de m\u00fasica, color, p\u00f3lvora y espect\u00e1culo, miles de personas salen a la calle para vivir esta fiesta que rinde culto al fuego.<\/strong><\/p>\n<p>Para festejar la entrada del est\u00edo, tradicionalmente los alicantinos acud\u00edan a cenar al campo el 23 de junio: com\u00edan productos t\u00edpicos y cuando llegaba la medianoche encend\u00edan fogatas, bailaban a su alrededor, lanzaban cohetes y se ba\u00f1aban en el mar. Esta costumbre se mantuvo con el tiempo y en 1928 se constituy\u00f3 de manera formal como las fiestas de Hogueras de San Juan. Durante varios d\u00edas, Alicante celebra este grandioso homenaje al fuego, en el que los protagonistas principales son aut\u00e9nticas obras de arte ef\u00edmero: las hogueras, las enormes figuras de cart\u00f3n y madera que se queman en la noche de San Juan.<\/p>\n<p>En el mes de mayo se elige a la reina de las fiestas, la llamada \u201cBellea del Foc\u201d (Belleza del Fuego), entre las candidatas presentadas por la comisi\u00f3n de cada barrio. Los festejos comienzan oficialmente con la plant\u00e0 (colocaci\u00f3n) de las monumentales hogueras que, con su aire sat\u00edrico, llenan las calles de Alicante de ingenio y buen humor. Ese d\u00eda tambi\u00e9n se instalan las \u201cbarracas\u201d, donde se realizan las verbenas populares y se degustan las t\u00edpicas brevas y cocas, una especie de empanada de at\u00fan, cebolla y pi\u00f1ones. Entre los actos m\u00e1s representativos de la fiesta se encuentran la Entrada de Bandas y Comisiones, con sus respectivas \u201cbellezas\u201d y damas de honor vestidas con trajes tradicionales; la ofrenda floral a la patrona de la ciudad, la Virgen del Remedio, los d\u00edas 21 y 22 de junio; y el desfile folcl\u00f3rico internacional, una vistosa cabalgata en la que participan grupos de baile procedentes de todo el mundo. Adem\u00e1s, todos los d\u00edas a las dos de la tarde, del 19 al 24 de junio, se realizan espect\u00e1culos pirot\u00e9cnicos en la plaza de los Luceros: son las ruidosas \u201cmasclet\u00e0s\u201d, a las que conviene asistir con tapones en los o\u00eddos, dado el estruendo provocado por la p\u00f3lvora y los cohetes. Y por fin, a las doce de la noche del 24 de junio llega la \u201ccrem\u00e0\u201d, el momento cumbre. Tras una extraordinaria palmera blanca de fuegos artificiales, las \u201chogueras\u201d repartidas por toda la ciudad arden entre alegr\u00eda, bailes y cantos, al mismo tiempo que los bomberos lanzan agua a los asistentes en lo que se conoce como la \u201cbany\u00e1\u201d.<\/p>\n<p>Sin embargo, la fiesta no acaba todav\u00eda. Desde el d\u00eda 25 hasta el 29, se celebra en la playa del Postiguet el concurso de fuegos artificiales, mientras que el casco antiguo de la ciudad se anima con el mercado medieval y sus distintos espect\u00e1culos.<\/p>\n<p>Informaci\u00f3n pr\u00e1ctica<\/p>\n<ul>\n<li>Fecha: Del 21-jun-2017 al 24-jun-2017<\/li>\n<li>Lugar: Alicante-Alacant (Comunidad Valenciana)<\/li>\n<\/ul>\n<\/div>\n<div class=\"componente_LISTAdatos col21 lineaSeparacion_dcha lineacolor\">\n<p>\u00bfEst\u00e1 planeando viajar a Alicante durante este per\u00edodo y se le sigue buscando <strong><a style=\"color: #e62d38;\" href=\"https:\/\/taxialicante.eu\/es\/traslado-en-grupo-espana\/\">grupo de transporte barato<\/a><\/strong>? Llamar Taxi Alicante al mejor precio!<\/p>\n<\/div>\n","protected":false},"excerpt":{"rendered":"<p>Alicante celebra la llegada del verano con las Hogueras de San Juan. Rodeados de m\u00fasica, color, p\u00f3lvora y espect\u00e1culo, miles de personas salen a la calle para vivir esta fiesta que rinde culto al fuego. Para festejar la entrada del est\u00edo, tradicionalmente los alicantinos acud\u00edan a cenar al campo el 23 de junio: com\u00edan productos t\u00edpicos y cuando llegaba la medianoche encend\u00edan fogatas, bailaban a su alrededor, lanzaban cohetes y se ba\u00f1aban en el mar. Esta costumbre se mantuvo con el tiempo y en 1928 se constituy\u00f3 de manera formal como las fiestas de Hogueras de San Juan. Durante varios d\u00edas, Alicante celebra este grandioso homenaje al fuego, en el que los protagonistas principales son aut\u00e9nticas obras de arte ef\u00edmero: las hogueras, las enormes figuras de cart\u00f3n y madera que se queman en la noche de San Juan. En el mes de mayo se elige a la reina de las fiestas, la llamada \u201cBellea del Foc\u201d (Belleza del Fuego), entre las candidatas presentadas por la comisi\u00f3n de cada barrio. Los festejos comienzan oficialmente con la plant\u00e0 (colocaci\u00f3n) de las monumentales hogueras que, con su aire sat\u00edrico, llenan las calles de Alicante de ingenio y buen humor. Ese d\u00eda tambi\u00e9n se [&hellip;]<\/p>\n","protected":false},"author":1,"featured_media":482,"comment_status":"closed","ping_status":"closed","sticky":false,"template":"","format":"standard","meta":{"footnotes":""},"categories":[126,127],"tags":[82,49,56,51,84,93,65,62,63,64,121,66],"class_list":["post-2385","post","type-post","status-publish","format-standard","has-post-thumbnail","hentry","category-eventos-costablanca","category-alicante-eventos","tag-alicante-es-es","tag-costa-blanca-es","tag-espana-es","tag-eventos-es","tag-featured-es-es","tag-featured-es","tag-fuegoartificial-es","tag-hogueras-es","tag-musica-es","tag-san-juan-es","tag-taxi-alicante-es","tag-verano-es"],"yoast_head":"<!-- This site is optimized with the Yoast SEO plugin v26.5 - https:\/\/yoast.com\/wordpress\/plugins\/seo\/ -->\n<title>Hogueras de San Juan - Rodeados de m\u00fasica, color, p\u00f3lvora y espect\u00e1culo<\/title>\n<meta name=\"description\" content=\"Alicante celebra la llegada del verano con las Hogueras de San Juan. Miles de personas salen a la calle para vivir esta fiesta que rinde culto al fuego.\" \/>\n<meta name=\"robots\" content=\"index, follow, max-snippet:-1, max-image-preview:large, max-video-preview:-1\" \/>\n<meta property=\"og:locale\" content=\"es_ES\" \/>\n<meta property=\"og:type\" content=\"article\" \/>\n<meta property=\"og:title\" content=\"Hogueras de San Juan - Rodeados de m\u00fasica, color, p\u00f3lvora y espect\u00e1culo\" \/>\n<meta property=\"og:description\" content=\"Alicante celebra la llegada del verano con las Hogueras de San Juan. Miles de personas salen a la calle para vivir esta fiesta que rinde culto al fuego.\" \/>\n<meta property=\"og:url\" content=\"https:\/\/taxialicante.eu\/es\/2017\/02\/14\/hogueras-sanjuan-alicante\/\" \/>\n<meta property=\"og:site_name\" content=\"Taxi Alicante\" \/>\n<meta property=\"article:publisher\" content=\"https:\/\/www.facebook.com\/taxialicantevalencia\/?fref=ts\" \/>\n<meta property=\"article:published_time\" content=\"2017-02-14T17:46:47+00:00\" \/>\n<meta property=\"article:modified_time\" content=\"2017-04-02T08:36:13+00:00\" \/>\n<meta property=\"og:image\" content=\"https:\/\/taxialicante.eu\/wp-content\/uploads\/2017\/01\/nieuws2-1.jpg\" \/>\n\t<meta property=\"og:image:width\" content=\"800\" \/>\n\t<meta property=\"og:image:height\" content=\"350\" \/>\n\t<meta property=\"og:image:type\" content=\"image\/jpeg\" \/>\n<meta name=\"author\" content=\"Taxi Alicante\" \/>\n<meta name=\"twitter:card\" content=\"summary_large_image\" \/>\n<meta name=\"twitter:label1\" content=\"Written by\" \/>\n\t<meta name=\"twitter:data1\" content=\"Taxi Alicante\" \/>\n\t<meta name=\"twitter:label2\" content=\"Est. reading time\" \/>\n\t<meta name=\"twitter:data2\" content=\"3 minutes\" \/>\n<script type=\"application\/ld+json\" class=\"yoast-schema-graph\">{\"@context\":\"https:\/\/schema.org\",\"@graph\":[{\"@type\":\"Article\",\"@id\":\"https:\/\/taxialicante.eu\/es\/2017\/02\/14\/hogueras-sanjuan-alicante\/#article\",\"isPartOf\":{\"@id\":\"https:\/\/taxialicante.eu\/es\/2017\/02\/14\/hogueras-sanjuan-alicante\/\"},\"author\":{\"name\":\"Taxi Alicante\",\"@id\":\"https:\/\/taxialicante.eu\/#\/schema\/person\/1d9057877c73caba4def8d499d4c3d90\"},\"headline\":\"Hogueras de San Juan\",\"datePublished\":\"2017-02-14T17:46:47+00:00\",\"dateModified\":\"2017-04-02T08:36:13+00:00\",\"mainEntityOfPage\":{\"@id\":\"https:\/\/taxialicante.eu\/es\/2017\/02\/14\/hogueras-sanjuan-alicante\/\"},\"wordCount\":514,\"publisher\":{\"@id\":\"https:\/\/taxialicante.eu\/#organization\"},\"image\":{\"@id\":\"https:\/\/taxialicante.eu\/es\/2017\/02\/14\/hogueras-sanjuan-alicante\/#primaryimage\"},\"thumbnailUrl\":\"https:\/\/taxialicante.eu\/wp-content\/uploads\/2017\/01\/nieuws2-1.jpg\",\"keywords\":[\"alicante\",\"costa blanca\",\"Espa\u00f1a\",\"eventos\",\"featured\",\"featured\",\"fuego artificial\",\"hogueras\",\"m\u00fasica\",\"san juan\",\"taxi alicante\",\"verano\"],\"articleSection\":[\"Eventos\",\"Eventos Alicante\"],\"inLanguage\":\"es\"},{\"@type\":\"WebPage\",\"@id\":\"https:\/\/taxialicante.eu\/es\/2017\/02\/14\/hogueras-sanjuan-alicante\/\",\"url\":\"https:\/\/taxialicante.eu\/es\/2017\/02\/14\/hogueras-sanjuan-alicante\/\",\"name\":\"Hogueras de San Juan - Rodeados de m\u00fasica, color, p\u00f3lvora y espect\u00e1culo\",\"isPartOf\":{\"@id\":\"https:\/\/taxialicante.eu\/#website\"},\"primaryImageOfPage\":{\"@id\":\"https:\/\/taxialicante.eu\/es\/2017\/02\/14\/hogueras-sanjuan-alicante\/#primaryimage\"},\"image\":{\"@id\":\"https:\/\/taxialicante.eu\/es\/2017\/02\/14\/hogueras-sanjuan-alicante\/#primaryimage\"},\"thumbnailUrl\":\"https:\/\/taxialicante.eu\/wp-content\/uploads\/2017\/01\/nieuws2-1.jpg\",\"datePublished\":\"2017-02-14T17:46:47+00:00\",\"dateModified\":\"2017-04-02T08:36:13+00:00\",\"description\":\"Alicante celebra la llegada del verano con las Hogueras de San Juan. Miles de personas salen a la calle para vivir esta fiesta que rinde culto al fuego.\",\"breadcrumb\":{\"@id\":\"https:\/\/taxialicante.eu\/es\/2017\/02\/14\/hogueras-sanjuan-alicante\/#breadcrumb\"},\"inLanguage\":\"es\",\"potentialAction\":[{\"@type\":\"ReadAction\",\"target\":[\"https:\/\/taxialicante.eu\/es\/2017\/02\/14\/hogueras-sanjuan-alicante\/\"]}]},{\"@type\":\"ImageObject\",\"inLanguage\":\"es\",\"@id\":\"https:\/\/taxialicante.eu\/es\/2017\/02\/14\/hogueras-sanjuan-alicante\/#primaryimage\",\"url\":\"https:\/\/taxialicante.eu\/wp-content\/uploads\/2017\/01\/nieuws2-1.jpg\",\"contentUrl\":\"https:\/\/taxialicante.eu\/wp-content\/uploads\/2017\/01\/nieuws2-1.jpg\",\"width\":800,\"height\":350,\"caption\":\"bonfires san juan alicante costa blanca hogueras\"},{\"@type\":\"BreadcrumbList\",\"@id\":\"https:\/\/taxialicante.eu\/es\/2017\/02\/14\/hogueras-sanjuan-alicante\/#breadcrumb\",\"itemListElement\":[{\"@type\":\"ListItem\",\"position\":1,\"name\":\"Home\",\"item\":\"https:\/\/taxialicante.eu\/es\/\"},{\"@type\":\"ListItem\",\"position\":2,\"name\":\"Hogueras de San Juan\"}]},{\"@type\":\"WebSite\",\"@id\":\"https:\/\/taxialicante.eu\/#website\",\"url\":\"https:\/\/taxialicante.eu\/\",\"name\":\"Taxi Alicante\",\"description\":\"25 jaar ervaring in luchthavenvervoer\",\"publisher\":{\"@id\":\"https:\/\/taxialicante.eu\/#organization\"},\"potentialAction\":[{\"@type\":\"SearchAction\",\"target\":{\"@type\":\"EntryPoint\",\"urlTemplate\":\"https:\/\/taxialicante.eu\/?s={search_term_string}\"},\"query-input\":{\"@type\":\"PropertyValueSpecification\",\"valueRequired\":true,\"valueName\":\"search_term_string\"}}],\"inLanguage\":\"es\"},{\"@type\":\"Organization\",\"@id\":\"https:\/\/taxialicante.eu\/#organization\",\"name\":\"Taxi Alicante\",\"url\":\"https:\/\/taxialicante.eu\/\",\"logo\":{\"@type\":\"ImageObject\",\"inLanguage\":\"es\",\"@id\":\"https:\/\/taxialicante.eu\/#\/schema\/logo\/image\/\",\"url\":\"https:\/\/taxialicante.eu\/wp-content\/uploads\/2017\/02\/logo-red-1.png\",\"contentUrl\":\"https:\/\/taxialicante.eu\/wp-content\/uploads\/2017\/02\/logo-red-1.png\",\"width\":350,\"height\":84,\"caption\":\"Taxi Alicante\"},\"image\":{\"@id\":\"https:\/\/taxialicante.eu\/#\/schema\/logo\/image\/\"},\"sameAs\":[\"https:\/\/www.facebook.com\/taxialicantevalencia\/?fref=ts\"]},{\"@type\":\"Person\",\"@id\":\"https:\/\/taxialicante.eu\/#\/schema\/person\/1d9057877c73caba4def8d499d4c3d90\",\"name\":\"Taxi Alicante\",\"image\":{\"@type\":\"ImageObject\",\"inLanguage\":\"es\",\"@id\":\"https:\/\/taxialicante.eu\/#\/schema\/person\/image\/\",\"url\":\"https:\/\/secure.gravatar.com\/avatar\/643d740b11cc02a040a6cf787d5ed09df40e0ca8bdf8d79153fa12211f8de733?s=96&d=mm&r=g\",\"contentUrl\":\"https:\/\/secure.gravatar.com\/avatar\/643d740b11cc02a040a6cf787d5ed09df40e0ca8bdf8d79153fa12211f8de733?s=96&d=mm&r=g\",\"caption\":\"Taxi Alicante\"}}]}<\/script>\n<!-- \/ Yoast SEO plugin. -->","yoast_head_json":{"title":"Hogueras de San Juan - Rodeados de m\u00fasica, color, p\u00f3lvora y espect\u00e1culo","description":"Alicante celebra la llegada del verano con las Hogueras de San Juan. Miles de personas salen a la calle para vivir esta fiesta que rinde culto al fuego.","robots":{"index":"index","follow":"follow","max-snippet":"max-snippet:-1","max-image-preview":"max-image-preview:large","max-video-preview":"max-video-preview:-1"},"og_locale":"es_ES","og_type":"article","og_title":"Hogueras de San Juan - Rodeados de m\u00fasica, color, p\u00f3lvora y espect\u00e1culo","og_description":"Alicante celebra la llegada del verano con las Hogueras de San Juan. Miles de personas salen a la calle para vivir esta fiesta que rinde culto al fuego.","og_url":"https:\/\/taxialicante.eu\/es\/2017\/02\/14\/hogueras-sanjuan-alicante\/","og_site_name":"Taxi Alicante","article_publisher":"https:\/\/www.facebook.com\/taxialicantevalencia\/?fref=ts","article_published_time":"2017-02-14T17:46:47+00:00","article_modified_time":"2017-04-02T08:36:13+00:00","og_image":[{"width":800,"height":350,"url":"https:\/\/taxialicante.eu\/wp-content\/uploads\/2017\/01\/nieuws2-1.jpg","type":"image\/jpeg"}],"author":"Taxi Alicante","twitter_card":"summary_large_image","twitter_misc":{"Written by":"Taxi Alicante","Est. reading time":"3 minutes"},"schema":{"@context":"https:\/\/schema.org","@graph":[{"@type":"Article","@id":"https:\/\/taxialicante.eu\/es\/2017\/02\/14\/hogueras-sanjuan-alicante\/#article","isPartOf":{"@id":"https:\/\/taxialicante.eu\/es\/2017\/02\/14\/hogueras-sanjuan-alicante\/"},"author":{"name":"Taxi Alicante","@id":"https:\/\/taxialicante.eu\/#\/schema\/person\/1d9057877c73caba4def8d499d4c3d90"},"headline":"Hogueras de San Juan","datePublished":"2017-02-14T17:46:47+00:00","dateModified":"2017-04-02T08:36:13+00:00","mainEntityOfPage":{"@id":"https:\/\/taxialicante.eu\/es\/2017\/02\/14\/hogueras-sanjuan-alicante\/"},"wordCount":514,"publisher":{"@id":"https:\/\/taxialicante.eu\/#organization"},"image":{"@id":"https:\/\/taxialicante.eu\/es\/2017\/02\/14\/hogueras-sanjuan-alicante\/#primaryimage"},"thumbnailUrl":"https:\/\/taxialicante.eu\/wp-content\/uploads\/2017\/01\/nieuws2-1.jpg","keywords":["alicante","costa blanca","Espa\u00f1a","eventos","featured","featured","fuego artificial","hogueras","m\u00fasica","san juan","taxi alicante","verano"],"articleSection":["Eventos","Eventos Alicante"],"inLanguage":"es"},{"@type":"WebPage","@id":"https:\/\/taxialicante.eu\/es\/2017\/02\/14\/hogueras-sanjuan-alicante\/","url":"https:\/\/taxialicante.eu\/es\/2017\/02\/14\/hogueras-sanjuan-alicante\/","name":"Hogueras de San Juan - Rodeados de m\u00fasica, color, p\u00f3lvora y espect\u00e1culo","isPartOf":{"@id":"https:\/\/taxialicante.eu\/#website"},"primaryImageOfPage":{"@id":"https:\/\/taxialicante.eu\/es\/2017\/02\/14\/hogueras-sanjuan-alicante\/#primaryimage"},"image":{"@id":"https:\/\/taxialicante.eu\/es\/2017\/02\/14\/hogueras-sanjuan-alicante\/#primaryimage"},"thumbnailUrl":"https:\/\/taxialicante.eu\/wp-content\/uploads\/2017\/01\/nieuws2-1.jpg","datePublished":"2017-02-14T17:46:47+00:00","dateModified":"2017-04-02T08:36:13+00:00","description":"Alicante celebra la llegada del verano con las Hogueras de San Juan. Miles de personas salen a la calle para vivir esta fiesta que rinde culto al fuego.","breadcrumb":{"@id":"https:\/\/taxialicante.eu\/es\/2017\/02\/14\/hogueras-sanjuan-alicante\/#breadcrumb"},"inLanguage":"es","potentialAction":[{"@type":"ReadAction","target":["https:\/\/taxialicante.eu\/es\/2017\/02\/14\/hogueras-sanjuan-alicante\/"]}]},{"@type":"ImageObject","inLanguage":"es","@id":"https:\/\/taxialicante.eu\/es\/2017\/02\/14\/hogueras-sanjuan-alicante\/#primaryimage","url":"https:\/\/taxialicante.eu\/wp-content\/uploads\/2017\/01\/nieuws2-1.jpg","contentUrl":"https:\/\/taxialicante.eu\/wp-content\/uploads\/2017\/01\/nieuws2-1.jpg","width":800,"height":350,"caption":"bonfires san juan alicante costa blanca hogueras"},{"@type":"BreadcrumbList","@id":"https:\/\/taxialicante.eu\/es\/2017\/02\/14\/hogueras-sanjuan-alicante\/#breadcrumb","itemListElement":[{"@type":"ListItem","position":1,"name":"Home","item":"https:\/\/taxialicante.eu\/es\/"},{"@type":"ListItem","position":2,"name":"Hogueras de San Juan"}]},{"@type":"WebSite","@id":"https:\/\/taxialicante.eu\/#website","url":"https:\/\/taxialicante.eu\/","name":"Taxi Alicante","description":"25 jaar ervaring in luchthavenvervoer","publisher":{"@id":"https:\/\/taxialicante.eu\/#organization"},"potentialAction":[{"@type":"SearchAction","target":{"@type":"EntryPoint","urlTemplate":"https:\/\/taxialicante.eu\/?s={search_term_string}"},"query-input":{"@type":"PropertyValueSpecification","valueRequired":true,"valueName":"search_term_string"}}],"inLanguage":"es"},{"@type":"Organization","@id":"https:\/\/taxialicante.eu\/#organization","name":"Taxi Alicante","url":"https:\/\/taxialicante.eu\/","logo":{"@type":"ImageObject","inLanguage":"es","@id":"https:\/\/taxialicante.eu\/#\/schema\/logo\/image\/","url":"https:\/\/taxialicante.eu\/wp-content\/uploads\/2017\/02\/logo-red-1.png","contentUrl":"https:\/\/taxialicante.eu\/wp-content\/uploads\/2017\/02\/logo-red-1.png","width":350,"height":84,"caption":"Taxi Alicante"},"image":{"@id":"https:\/\/taxialicante.eu\/#\/schema\/logo\/image\/"},"sameAs":["https:\/\/www.facebook.com\/taxialicantevalencia\/?fref=ts"]},{"@type":"Person","@id":"https:\/\/taxialicante.eu\/#\/schema\/person\/1d9057877c73caba4def8d499d4c3d90","name":"Taxi Alicante","image":{"@type":"ImageObject","inLanguage":"es","@id":"https:\/\/taxialicante.eu\/#\/schema\/person\/image\/","url":"https:\/\/secure.gravatar.com\/avatar\/643d740b11cc02a040a6cf787d5ed09df40e0ca8bdf8d79153fa12211f8de733?s=96&d=mm&r=g","contentUrl":"https:\/\/secure.gravatar.com\/avatar\/643d740b11cc02a040a6cf787d5ed09df40e0ca8bdf8d79153fa12211f8de733?s=96&d=mm&r=g","caption":"Taxi Alicante"}}]}},"_links":{"self":[{"href":"https:\/\/taxialicante.eu\/es\/wp-json\/wp\/v2\/posts\/2385","targetHints":{"allow":["GET"]}}],"collection":[{"href":"https:\/\/taxialicante.eu\/es\/wp-json\/wp\/v2\/posts"}],"about":[{"href":"https:\/\/taxialicante.eu\/es\/wp-json\/wp\/v2\/types\/post"}],"author":[{"embeddable":true,"href":"https:\/\/taxialicante.eu\/es\/wp-json\/wp\/v2\/users\/1"}],"replies":[{"embeddable":true,"href":"https:\/\/taxialicante.eu\/es\/wp-json\/wp\/v2\/comments?post=2385"}],"version-history":[{"count":0,"href":"https:\/\/taxialicante.eu\/es\/wp-json\/wp\/v2\/posts\/2385\/revisions"}],"wp:featuredmedia":[{"embeddable":true,"href":"https:\/\/taxialicante.eu\/es\/wp-json\/wp\/v2\/media\/482"}],"wp:attachment":[{"href":"https:\/\/taxialicante.eu\/es\/wp-json\/wp\/v2\/media?parent=2385"}],"wp:term":[{"taxonomy":"category","embeddable":true,"href":"https:\/\/taxialicante.eu\/es\/wp-json\/wp\/v2\/categories?post=2385"},{"taxonomy":"post_tag","embeddable":true,"href":"https:\/\/taxialicante.eu\/es\/wp-json\/wp\/v2\/tags?post=2385"}],"curies":[{"name":"wp","href":"https:\/\/api.w.org\/{rel}","templated":true}]}}