{"id":4754,"date":"2019-05-17T20:40:11","date_gmt":"2019-05-17T20:40:11","guid":{"rendered":"https:\/\/www.taxialicante.eu\/2019\/05\/17\/ontdek-de-jalon-vallei\/"},"modified":"2019-05-17T20:52:55","modified_gmt":"2019-05-17T20:52:55","slug":"el-valle-de-jalon","status":"publish","type":"post","link":"https:\/\/taxialicante.eu\/es\/2019\/05\/17\/el-valle-de-jalon\/","title":{"rendered":"Descubre el Valle de Jal\u00f3n"},"content":{"rendered":"<p>El valle de Jal\u00f3n, tambi\u00e9n conocido como la Vall de Pop, est\u00e1 a unos 30 minutos en coche de Denia y J\u00e1vea. El valle de Jal\u00f3n se compone de un \u00e1rea hermosa, salpicada de peque\u00f1os pueblos como Jal\u00f3n, Parcent, Alcalali y Liber.<\/p>\n<p>Se encuentra en la &#8220;comacra&#8221; de Marina Alta en la regi\u00f3n de Valencia. La ciudad se extiende sobre un \u00e1rea de 34,59 km cuadrados. Se encuentra a una altitud de 189 metros sobre el nivel del mar. La ciudad est\u00e1 ubicada en una zona escarpada en el hermoso Valle Pop. <strong>Jal\u00f3n<\/strong> es, de hecho, la capital del Valle de Jal\u00f3n, que tambi\u00e9n se conoce como la Vall de Pop o Valle de Pop. La ciudad est\u00e1 rodeada por la Sierra de la Solana y la Sierra de B\u00e8rnia, en el l\u00edmite de la Marina Baixa.<\/p>\n<p>Muchas de las ciudades en el Valle de Jal\u00f3n est\u00e1n pobladas por residentes extranjeros que no quieren vivir en la costa. Muchos de ellos prefieren el entorno tranquilo del valle. El valle de Jal\u00f3n es conocido como una de las zonas m\u00e1s bellas de Espa\u00f1a. En enero y febrero, la mayor parte del valle est\u00e1 iluminada por la flor de almendro que forma un manto de color. El valle es conocido por su vino y bodegas locales que producen un excelente vino Moscatel.<\/p>\n<h2>Jal\u00f3n (Xalo en valenciano)<\/h2>\n<p>En el coraz\u00f3n del valle de Jal\u00f3n se encuentra la ciudad de Jal\u00f3n, la capital del valle. Durante un per\u00edodo \u00e1rabe de 500 a\u00f1os, Jal\u00f3n ten\u00eda dos castillos y las casas eran todas de dise\u00f1o morisco. Gran parte de esto permanece hoy en Jalon y las t\u00edpicas casas moras se pueden encontrar en las calles estrechas. La iglesia cristiana (Santa Mar\u00eda) en Jal\u00f3n tiene un tama\u00f1o considerable y un estilo neocl\u00e1sico. La c\u00fapula azul domina el horizonte. El mercado de los martes se celebra aqu\u00ed en la plaza, alrededor de la fuente.<\/p>\n<p>El r\u00edo Jal\u00f3n atraviesa el coraz\u00f3n de Jal\u00f3n y est\u00e1 atravesado por dos puentes de la ciudad. La oficina de turismo est\u00e1 ubicada a lo largo del r\u00edo mientras usted ingresa a Jal\u00f3n.<\/p>\n<h2>\u00bfUn taxi a Jal\u00f3n? Que hacer<\/h2>\n<p>\u00a1Una visita a Jal\u00f3n no estar\u00eda completa sin recuerdos y regalos para llevar a casa! Aqu\u00ed puede disfrutar plenamente de un d\u00eda de compras o pasear por un mercado local. El senderismo es muy popular a lo largo del valle y se puede caminar de un pueblo a otro como Parcent, Jalon, Benichembla, Murla y muchos otros pueblos a lo largo del camino.<\/p>\n<p>El ciclismo tambi\u00e9n es muy popular en esta regi\u00f3n de Espa\u00f1a, porque el clima es perfecto la mayor parte del a\u00f1o. La ruta ciclista de Vallei va hasta Calpe y del otro lado a Denia. Un verdadero paseo espectacular. Adem\u00e1s, hay tres campos de golf en el \u00e1rea de Jal\u00f3n. Estos est\u00e1n en Javea, Calpe \/ Benissa y La Sella.<\/p>\n<p>Entonces, \u00bfplanea planear un viaje o viaje a esta regi\u00f3n pronto? \u00bfY todav\u00eda est\u00e1s buscando <strong>un taxi a Jal\u00f3n<\/strong>? \u00a1P\u00f3ngase en contacto con <a href=\"https:\/\/taxialicante.eu\/es\/\">Taxi Alicante<\/a> lo antes posible para su <a href=\"https:\/\/taxialicante.eu\/es\/transfer-aeropuerto-alicante-valencia\/\">traslado privado al aeropuerto<\/a>!<\/p>\n","protected":false},"excerpt":{"rendered":"<p>El valle de Jal\u00f3n, tambi\u00e9n conocido como la Vall de Pop, est\u00e1 a unos 30 minutos en coche de Denia y J\u00e1vea. El valle de Jal\u00f3n se compone de un \u00e1rea hermosa, salpicada de peque\u00f1os pueblos como Jal\u00f3n, Parcent, Alcalali y Liber. Se encuentra en la &#8220;comacra&#8221; de Marina Alta en la regi\u00f3n de Valencia. La ciudad se extiende sobre un \u00e1rea de 34,59 km cuadrados. Se encuentra a una altitud de 189 metros sobre el nivel del mar. La ciudad est\u00e1 ubicada en una zona escarpada en el hermoso Valle Pop. Jal\u00f3n es, de hecho, la capital del Valle de Jal\u00f3n, que tambi\u00e9n se conoce como la Vall de Pop o Valle de Pop. La ciudad est\u00e1 rodeada por la Sierra de la Solana y la Sierra de B\u00e8rnia, en el l\u00edmite de la Marina Baixa. Muchas de las ciudades en el Valle de Jal\u00f3n est\u00e1n pobladas por residentes extranjeros que no quieren vivir en la costa. Muchos de ellos prefieren el entorno tranquilo del valle. El valle de Jal\u00f3n es conocido como una de las zonas m\u00e1s bellas de Espa\u00f1a. En enero y febrero, la mayor parte del valle est\u00e1 iluminada por la flor de almendro que forma [&hellip;]<\/p>\n","protected":false},"author":1,"featured_media":4750,"comment_status":"closed","ping_status":"closed","sticky":false,"template":"","format":"standard","meta":{"footnotes":""},"categories":[],"tags":[534,530,84,93,531,532,533,320,535,536,537,538,57,121,453,539],"class_list":["post-4754","post","type-post","status-publish","format-standard","has-post-thumbnail","hentry","tag-airportservice-es","tag-alcalali-es","tag-featured-es-es","tag-featured-es","tag-jalon-es","tag-jalon-vallei-es","tag-liber-es","tag-luchthavenvervoer-es","tag-marina-alta-es","tag-marina-baixa-es","tag-moscatel-es","tag-parcent-es","tag-taxi-es","tag-taxi-alicante-es","tag-transferencia-aeopuerto","tag-xalo-es"],"yoast_head":"<!-- This site is optimized with the Yoast SEO plugin v26.5 - https:\/\/yoast.com\/wordpress\/plugins\/seo\/ -->\n<title>Taxi a Jal\u00f3n - Descubre el Valle de Jal\u00f3n - Taxi Alicante<\/title>\n<meta name=\"description\" content=\"\u00bfBuscando un taxi a Jal\u00f3n? El Valle de Jal\u00f3n es un \u00e1rea en la Costa Blanca y est\u00e1 a unos 30 minutos hacia el interior desde Denia y J\u00e1vea.\" \/>\n<meta name=\"robots\" content=\"index, follow, max-snippet:-1, max-image-preview:large, max-video-preview:-1\" \/>\n<meta property=\"og:locale\" content=\"es_ES\" \/>\n<meta property=\"og:type\" content=\"article\" \/>\n<meta property=\"og:title\" content=\"Taxi a Jal\u00f3n - Descubre el Valle de Jal\u00f3n - Taxi Alicante\" \/>\n<meta property=\"og:description\" content=\"\u00bfBuscando un taxi a Jal\u00f3n? El Valle de Jal\u00f3n es un \u00e1rea en la Costa Blanca y est\u00e1 a unos 30 minutos hacia el interior desde Denia y J\u00e1vea.\" \/>\n<meta property=\"og:url\" content=\"https:\/\/taxialicante.eu\/es\/2019\/05\/17\/el-valle-de-jalon\/\" \/>\n<meta property=\"og:site_name\" content=\"Taxi Alicante\" \/>\n<meta property=\"article:publisher\" content=\"https:\/\/www.facebook.com\/taxialicantevalencia\/?fref=ts\" \/>\n<meta property=\"article:published_time\" content=\"2019-05-17T20:40:11+00:00\" \/>\n<meta property=\"article:modified_time\" content=\"2019-05-17T20:52:55+00:00\" \/>\n<meta property=\"og:image\" content=\"https:\/\/taxialicante.eu\/wp-content\/uploads\/2019\/05\/jalon-costa-blanca-spanje.jpg\" \/>\n\t<meta property=\"og:image:width\" content=\"800\" \/>\n\t<meta property=\"og:image:height\" content=\"350\" \/>\n\t<meta property=\"og:image:type\" content=\"image\/jpeg\" \/>\n<meta name=\"author\" content=\"Taxi Alicante\" \/>\n<meta name=\"twitter:card\" content=\"summary_large_image\" \/>\n<meta name=\"twitter:label1\" content=\"Written by\" \/>\n\t<meta name=\"twitter:data1\" content=\"Taxi Alicante\" \/>\n\t<meta name=\"twitter:label2\" content=\"Est. reading time\" \/>\n\t<meta name=\"twitter:data2\" content=\"3 minutes\" \/>\n<script type=\"application\/ld+json\" class=\"yoast-schema-graph\">{\"@context\":\"https:\/\/schema.org\",\"@graph\":[{\"@type\":\"Article\",\"@id\":\"https:\/\/taxialicante.eu\/es\/2019\/05\/17\/el-valle-de-jalon\/#article\",\"isPartOf\":{\"@id\":\"https:\/\/taxialicante.eu\/es\/2019\/05\/17\/el-valle-de-jalon\/\"},\"author\":{\"name\":\"Taxi Alicante\",\"@id\":\"https:\/\/taxialicante.eu\/#\/schema\/person\/1d9057877c73caba4def8d499d4c3d90\"},\"headline\":\"Descubre el Valle de Jal\u00f3n\",\"datePublished\":\"2019-05-17T20:40:11+00:00\",\"dateModified\":\"2019-05-17T20:52:55+00:00\",\"mainEntityOfPage\":{\"@id\":\"https:\/\/taxialicante.eu\/es\/2019\/05\/17\/el-valle-de-jalon\/\"},\"wordCount\":567,\"publisher\":{\"@id\":\"https:\/\/taxialicante.eu\/#organization\"},\"image\":{\"@id\":\"https:\/\/taxialicante.eu\/es\/2019\/05\/17\/el-valle-de-jalon\/#primaryimage\"},\"thumbnailUrl\":\"https:\/\/taxialicante.eu\/wp-content\/uploads\/2019\/05\/jalon-costa-blanca-spanje.jpg\",\"keywords\":[\"airportservice\",\"alcalali\",\"featured\",\"featured\",\"jalon\",\"jalon vallei\",\"liber\",\"luchthavenvervoer\",\"marina alta\",\"marina baixa\",\"moscatel\",\"parcent\",\"taxi\",\"taxi alicante\",\"transferencia aeopuerto\",\"xalo\"],\"inLanguage\":\"es\"},{\"@type\":\"WebPage\",\"@id\":\"https:\/\/taxialicante.eu\/es\/2019\/05\/17\/el-valle-de-jalon\/\",\"url\":\"https:\/\/taxialicante.eu\/es\/2019\/05\/17\/el-valle-de-jalon\/\",\"name\":\"Taxi a Jal\u00f3n - Descubre el Valle de Jal\u00f3n - Taxi Alicante\",\"isPartOf\":{\"@id\":\"https:\/\/taxialicante.eu\/#website\"},\"primaryImageOfPage\":{\"@id\":\"https:\/\/taxialicante.eu\/es\/2019\/05\/17\/el-valle-de-jalon\/#primaryimage\"},\"image\":{\"@id\":\"https:\/\/taxialicante.eu\/es\/2019\/05\/17\/el-valle-de-jalon\/#primaryimage\"},\"thumbnailUrl\":\"https:\/\/taxialicante.eu\/wp-content\/uploads\/2019\/05\/jalon-costa-blanca-spanje.jpg\",\"datePublished\":\"2019-05-17T20:40:11+00:00\",\"dateModified\":\"2019-05-17T20:52:55+00:00\",\"description\":\"\u00bfBuscando un taxi a Jal\u00f3n? El Valle de Jal\u00f3n es un \u00e1rea en la Costa Blanca y est\u00e1 a unos 30 minutos hacia el interior desde Denia y J\u00e1vea.\",\"breadcrumb\":{\"@id\":\"https:\/\/taxialicante.eu\/es\/2019\/05\/17\/el-valle-de-jalon\/#breadcrumb\"},\"inLanguage\":\"es\",\"potentialAction\":[{\"@type\":\"ReadAction\",\"target\":[\"https:\/\/taxialicante.eu\/es\/2019\/05\/17\/el-valle-de-jalon\/\"]}]},{\"@type\":\"ImageObject\",\"inLanguage\":\"es\",\"@id\":\"https:\/\/taxialicante.eu\/es\/2019\/05\/17\/el-valle-de-jalon\/#primaryimage\",\"url\":\"https:\/\/taxialicante.eu\/wp-content\/uploads\/2019\/05\/jalon-costa-blanca-spanje.jpg\",\"contentUrl\":\"https:\/\/taxialicante.eu\/wp-content\/uploads\/2019\/05\/jalon-costa-blanca-spanje.jpg\",\"width\":800,\"height\":350,\"caption\":\"jalon-xalo-costa-blanca-spanje\"},{\"@type\":\"BreadcrumbList\",\"@id\":\"https:\/\/taxialicante.eu\/es\/2019\/05\/17\/el-valle-de-jalon\/#breadcrumb\",\"itemListElement\":[{\"@type\":\"ListItem\",\"position\":1,\"name\":\"Home\",\"item\":\"https:\/\/taxialicante.eu\/es\/\"},{\"@type\":\"ListItem\",\"position\":2,\"name\":\"Descubre el Valle de Jal\u00f3n\"}]},{\"@type\":\"WebSite\",\"@id\":\"https:\/\/taxialicante.eu\/#website\",\"url\":\"https:\/\/taxialicante.eu\/\",\"name\":\"Taxi Alicante\",\"description\":\"25 jaar ervaring in luchthavenvervoer\",\"publisher\":{\"@id\":\"https:\/\/taxialicante.eu\/#organization\"},\"potentialAction\":[{\"@type\":\"SearchAction\",\"target\":{\"@type\":\"EntryPoint\",\"urlTemplate\":\"https:\/\/taxialicante.eu\/?s={search_term_string}\"},\"query-input\":{\"@type\":\"PropertyValueSpecification\",\"valueRequired\":true,\"valueName\":\"search_term_string\"}}],\"inLanguage\":\"es\"},{\"@type\":\"Organization\",\"@id\":\"https:\/\/taxialicante.eu\/#organization\",\"name\":\"Taxi Alicante\",\"url\":\"https:\/\/taxialicante.eu\/\",\"logo\":{\"@type\":\"ImageObject\",\"inLanguage\":\"es\",\"@id\":\"https:\/\/taxialicante.eu\/#\/schema\/logo\/image\/\",\"url\":\"https:\/\/taxialicante.eu\/wp-content\/uploads\/2017\/02\/logo-red-1.png\",\"contentUrl\":\"https:\/\/taxialicante.eu\/wp-content\/uploads\/2017\/02\/logo-red-1.png\",\"width\":350,\"height\":84,\"caption\":\"Taxi Alicante\"},\"image\":{\"@id\":\"https:\/\/taxialicante.eu\/#\/schema\/logo\/image\/\"},\"sameAs\":[\"https:\/\/www.facebook.com\/taxialicantevalencia\/?fref=ts\"]},{\"@type\":\"Person\",\"@id\":\"https:\/\/taxialicante.eu\/#\/schema\/person\/1d9057877c73caba4def8d499d4c3d90\",\"name\":\"Taxi Alicante\",\"image\":{\"@type\":\"ImageObject\",\"inLanguage\":\"es\",\"@id\":\"https:\/\/taxialicante.eu\/#\/schema\/person\/image\/\",\"url\":\"https:\/\/secure.gravatar.com\/avatar\/643d740b11cc02a040a6cf787d5ed09df40e0ca8bdf8d79153fa12211f8de733?s=96&d=mm&r=g\",\"contentUrl\":\"https:\/\/secure.gravatar.com\/avatar\/643d740b11cc02a040a6cf787d5ed09df40e0ca8bdf8d79153fa12211f8de733?s=96&d=mm&r=g\",\"caption\":\"Taxi Alicante\"}}]}<\/script>\n<!-- \/ Yoast SEO plugin. -->","yoast_head_json":{"title":"Taxi a Jal\u00f3n - Descubre el Valle de Jal\u00f3n - Taxi Alicante","description":"\u00bfBuscando un taxi a Jal\u00f3n? El Valle de Jal\u00f3n es un \u00e1rea en la Costa Blanca y est\u00e1 a unos 30 minutos hacia el interior desde Denia y J\u00e1vea.","robots":{"index":"index","follow":"follow","max-snippet":"max-snippet:-1","max-image-preview":"max-image-preview:large","max-video-preview":"max-video-preview:-1"},"og_locale":"es_ES","og_type":"article","og_title":"Taxi a Jal\u00f3n - Descubre el Valle de Jal\u00f3n - Taxi Alicante","og_description":"\u00bfBuscando un taxi a Jal\u00f3n? El Valle de Jal\u00f3n es un \u00e1rea en la Costa Blanca y est\u00e1 a unos 30 minutos hacia el interior desde Denia y J\u00e1vea.","og_url":"https:\/\/taxialicante.eu\/es\/2019\/05\/17\/el-valle-de-jalon\/","og_site_name":"Taxi Alicante","article_publisher":"https:\/\/www.facebook.com\/taxialicantevalencia\/?fref=ts","article_published_time":"2019-05-17T20:40:11+00:00","article_modified_time":"2019-05-17T20:52:55+00:00","og_image":[{"width":800,"height":350,"url":"https:\/\/taxialicante.eu\/wp-content\/uploads\/2019\/05\/jalon-costa-blanca-spanje.jpg","type":"image\/jpeg"}],"author":"Taxi Alicante","twitter_card":"summary_large_image","twitter_misc":{"Written by":"Taxi Alicante","Est. reading time":"3 minutes"},"schema":{"@context":"https:\/\/schema.org","@graph":[{"@type":"Article","@id":"https:\/\/taxialicante.eu\/es\/2019\/05\/17\/el-valle-de-jalon\/#article","isPartOf":{"@id":"https:\/\/taxialicante.eu\/es\/2019\/05\/17\/el-valle-de-jalon\/"},"author":{"name":"Taxi Alicante","@id":"https:\/\/taxialicante.eu\/#\/schema\/person\/1d9057877c73caba4def8d499d4c3d90"},"headline":"Descubre el Valle de Jal\u00f3n","datePublished":"2019-05-17T20:40:11+00:00","dateModified":"2019-05-17T20:52:55+00:00","mainEntityOfPage":{"@id":"https:\/\/taxialicante.eu\/es\/2019\/05\/17\/el-valle-de-jalon\/"},"wordCount":567,"publisher":{"@id":"https:\/\/taxialicante.eu\/#organization"},"image":{"@id":"https:\/\/taxialicante.eu\/es\/2019\/05\/17\/el-valle-de-jalon\/#primaryimage"},"thumbnailUrl":"https:\/\/taxialicante.eu\/wp-content\/uploads\/2019\/05\/jalon-costa-blanca-spanje.jpg","keywords":["airportservice","alcalali","featured","featured","jalon","jalon vallei","liber","luchthavenvervoer","marina alta","marina baixa","moscatel","parcent","taxi","taxi alicante","transferencia aeopuerto","xalo"],"inLanguage":"es"},{"@type":"WebPage","@id":"https:\/\/taxialicante.eu\/es\/2019\/05\/17\/el-valle-de-jalon\/","url":"https:\/\/taxialicante.eu\/es\/2019\/05\/17\/el-valle-de-jalon\/","name":"Taxi a Jal\u00f3n - Descubre el Valle de Jal\u00f3n - Taxi Alicante","isPartOf":{"@id":"https:\/\/taxialicante.eu\/#website"},"primaryImageOfPage":{"@id":"https:\/\/taxialicante.eu\/es\/2019\/05\/17\/el-valle-de-jalon\/#primaryimage"},"image":{"@id":"https:\/\/taxialicante.eu\/es\/2019\/05\/17\/el-valle-de-jalon\/#primaryimage"},"thumbnailUrl":"https:\/\/taxialicante.eu\/wp-content\/uploads\/2019\/05\/jalon-costa-blanca-spanje.jpg","datePublished":"2019-05-17T20:40:11+00:00","dateModified":"2019-05-17T20:52:55+00:00","description":"\u00bfBuscando un taxi a Jal\u00f3n? El Valle de Jal\u00f3n es un \u00e1rea en la Costa Blanca y est\u00e1 a unos 30 minutos hacia el interior desde Denia y J\u00e1vea.","breadcrumb":{"@id":"https:\/\/taxialicante.eu\/es\/2019\/05\/17\/el-valle-de-jalon\/#breadcrumb"},"inLanguage":"es","potentialAction":[{"@type":"ReadAction","target":["https:\/\/taxialicante.eu\/es\/2019\/05\/17\/el-valle-de-jalon\/"]}]},{"@type":"ImageObject","inLanguage":"es","@id":"https:\/\/taxialicante.eu\/es\/2019\/05\/17\/el-valle-de-jalon\/#primaryimage","url":"https:\/\/taxialicante.eu\/wp-content\/uploads\/2019\/05\/jalon-costa-blanca-spanje.jpg","contentUrl":"https:\/\/taxialicante.eu\/wp-content\/uploads\/2019\/05\/jalon-costa-blanca-spanje.jpg","width":800,"height":350,"caption":"jalon-xalo-costa-blanca-spanje"},{"@type":"BreadcrumbList","@id":"https:\/\/taxialicante.eu\/es\/2019\/05\/17\/el-valle-de-jalon\/#breadcrumb","itemListElement":[{"@type":"ListItem","position":1,"name":"Home","item":"https:\/\/taxialicante.eu\/es\/"},{"@type":"ListItem","position":2,"name":"Descubre el Valle de Jal\u00f3n"}]},{"@type":"WebSite","@id":"https:\/\/taxialicante.eu\/#website","url":"https:\/\/taxialicante.eu\/","name":"Taxi Alicante","description":"25 jaar ervaring in luchthavenvervoer","publisher":{"@id":"https:\/\/taxialicante.eu\/#organization"},"potentialAction":[{"@type":"SearchAction","target":{"@type":"EntryPoint","urlTemplate":"https:\/\/taxialicante.eu\/?s={search_term_string}"},"query-input":{"@type":"PropertyValueSpecification","valueRequired":true,"valueName":"search_term_string"}}],"inLanguage":"es"},{"@type":"Organization","@id":"https:\/\/taxialicante.eu\/#organization","name":"Taxi Alicante","url":"https:\/\/taxialicante.eu\/","logo":{"@type":"ImageObject","inLanguage":"es","@id":"https:\/\/taxialicante.eu\/#\/schema\/logo\/image\/","url":"https:\/\/taxialicante.eu\/wp-content\/uploads\/2017\/02\/logo-red-1.png","contentUrl":"https:\/\/taxialicante.eu\/wp-content\/uploads\/2017\/02\/logo-red-1.png","width":350,"height":84,"caption":"Taxi Alicante"},"image":{"@id":"https:\/\/taxialicante.eu\/#\/schema\/logo\/image\/"},"sameAs":["https:\/\/www.facebook.com\/taxialicantevalencia\/?fref=ts"]},{"@type":"Person","@id":"https:\/\/taxialicante.eu\/#\/schema\/person\/1d9057877c73caba4def8d499d4c3d90","name":"Taxi Alicante","image":{"@type":"ImageObject","inLanguage":"es","@id":"https:\/\/taxialicante.eu\/#\/schema\/person\/image\/","url":"https:\/\/secure.gravatar.com\/avatar\/643d740b11cc02a040a6cf787d5ed09df40e0ca8bdf8d79153fa12211f8de733?s=96&d=mm&r=g","contentUrl":"https:\/\/secure.gravatar.com\/avatar\/643d740b11cc02a040a6cf787d5ed09df40e0ca8bdf8d79153fa12211f8de733?s=96&d=mm&r=g","caption":"Taxi Alicante"}}]}},"_links":{"self":[{"href":"https:\/\/taxialicante.eu\/es\/wp-json\/wp\/v2\/posts\/4754","targetHints":{"allow":["GET"]}}],"collection":[{"href":"https:\/\/taxialicante.eu\/es\/wp-json\/wp\/v2\/posts"}],"about":[{"href":"https:\/\/taxialicante.eu\/es\/wp-json\/wp\/v2\/types\/post"}],"author":[{"embeddable":true,"href":"https:\/\/taxialicante.eu\/es\/wp-json\/wp\/v2\/users\/1"}],"replies":[{"embeddable":true,"href":"https:\/\/taxialicante.eu\/es\/wp-json\/wp\/v2\/comments?post=4754"}],"version-history":[{"count":0,"href":"https:\/\/taxialicante.eu\/es\/wp-json\/wp\/v2\/posts\/4754\/revisions"}],"wp:featuredmedia":[{"embeddable":true,"href":"https:\/\/taxialicante.eu\/es\/wp-json\/wp\/v2\/media\/4750"}],"wp:attachment":[{"href":"https:\/\/taxialicante.eu\/es\/wp-json\/wp\/v2\/media?parent=4754"}],"wp:term":[{"taxonomy":"category","embeddable":true,"href":"https:\/\/taxialicante.eu\/es\/wp-json\/wp\/v2\/categories?post=4754"},{"taxonomy":"post_tag","embeddable":true,"href":"https:\/\/taxialicante.eu\/es\/wp-json\/wp\/v2\/tags?post=4754"}],"curies":[{"name":"wp","href":"https:\/\/api.w.org\/{rel}","templated":true}]}}