{"id":5105,"date":"2020-04-23T20:43:55","date_gmt":"2020-04-23T18:43:55","guid":{"rendered":"https:\/\/www.taxialicante.eu\/2020\/04\/23\/corona-maatregelen\/"},"modified":"2020-04-23T21:05:06","modified_gmt":"2020-04-23T19:05:06","slug":"medidas-de-corona","status":"publish","type":"post","link":"https:\/\/taxialicante.eu\/es\/2020\/04\/23\/medidas-de-corona\/","title":{"rendered":"medidas de Corona"},"content":{"rendered":"<p>Espa\u00f1a ha estado en una crisis de Corona durante varias semanas. Bloqueo del pa\u00eds, no m\u00e1s viajes esenciales, la vida p\u00fablica y las empresas est\u00e1n paralizadas. \u00a1Sin embargo, Taxi Alicante permanece activo! Para ayudar a todos con el transporte privado (urgente) al aeropuerto, permanecemos activos en la Costa Blanca. Puede confiar en nosotros para el transporte privado desde y hacia el aeropuerto de Alicante, pero tambi\u00e9n a los aeropuertos de Barcelona y Madrid. \u00bfO necesita un traslado urgente (repatriaci\u00f3n) a B\u00e9lgica, los Pa\u00edses Bajos, Francia o Alemania? Nuestra flota y conductores tambi\u00e9n est\u00e1n a su disposici\u00f3n para esto. \u00a1NO te defraudaremos!<\/p>\n<p>\u00a1En Taxi Alicante, nuestros autom\u00f3viles siempre se desinfectan profesionalmente con un certificado! Esto en colaboraci\u00f3n con Premium Detailing por Morad Samyr Vrod\u00a0(<a href=\"https:\/\/www.facebook.com\/groups\/442701002585196\/\">https:\/\/www.facebook.com\/groups\/442701002585196\/<\/a>).<\/p>\n<p><iframe loading=\"lazy\" src=\"https:\/\/www.youtube.com\/embed\/eP-0UQFu2Oo\" width=\"560\" height=\"315\" frameborder=\"0\" allowfullscreen=\"allowfullscreen\"><span data-mce-type=\"bookmark\" style=\"display: inline-block; width: 0px; overflow: hidden; line-height: 0;\" class=\"mce_SELRES_start\">\ufeff<\/span><\/iframe><br \/>\n<iframe loading=\"lazy\" src=\"https:\/\/www.youtube.com\/embed\/wGSklw2GK6w\" width=\"560\" height=\"315\" frameborder=\"0\" allowfullscreen=\"allowfullscreen\"><\/iframe><\/p>\n","protected":false},"excerpt":{"rendered":"<p>Espa\u00f1a ha estado en una crisis de Corona durante varias semanas. Bloqueo del pa\u00eds, no m\u00e1s viajes esenciales, la vida p\u00fablica y las empresas est\u00e1n paralizadas. \u00a1Sin embargo, Taxi Alicante permanece activo! Para ayudar a todos con el transporte privado (urgente) al aeropuerto, permanecemos activos en la Costa Blanca. Puede confiar en nosotros para el transporte privado desde y hacia el aeropuerto de Alicante, pero tambi\u00e9n a los aeropuertos de Barcelona y Madrid. \u00bfO necesita un traslado urgente (repatriaci\u00f3n) a B\u00e9lgica, los Pa\u00edses Bajos, Francia o Alemania? Nuestra flota y conductores tambi\u00e9n est\u00e1n a su disposici\u00f3n para esto. \u00a1NO te defraudaremos! \u00a1En Taxi Alicante, nuestros autom\u00f3viles siempre se desinfectan profesionalmente con un certificado! Esto en colaboraci\u00f3n con Premium Detailing por Morad Samyr Vrod\u00a0(https:\/\/www.facebook.com\/groups\/442701002585196\/). \ufeff<\/p>\n","protected":false},"author":1,"featured_media":5100,"comment_status":"closed","ping_status":"closed","sticky":false,"template":"","format":"standard","meta":{"footnotes":""},"categories":[246,250],"tags":[82,643,656,655,84,606,295,57,121,654,71],"class_list":["post-5105","post","type-post","status-publish","format-standard","has-post-thumbnail","hentry","category-aeropuerto-alicante","category-aeropuerto-valencia","tag-alicante-es-es","tag-corona-virus-es","tag-desinfectar","tag-desinfectar-taxi","tag-featured-es-es","tag-servicio-aeropuerto","tag-servicio-de-taxi","tag-taxi-es","tag-taxi-alicante-es","tag-taxi-con-medidas-de-corona","tag-valencia-es"],"yoast_head":"<!-- This site is optimized with the Yoast SEO plugin v26.5 - https:\/\/yoast.com\/wordpress\/plugins\/seo\/ -->\n<title>Taxi con medidas de Corona - Taxi Alicante permanece activo<\/title>\n<meta name=\"description\" content=\"Para ayudar a todos con el transporte privado (urgente) al aeropuerto, permanecemos activos en la Costa Blanca. Puede confiar en nosotros.\" \/>\n<meta name=\"robots\" content=\"index, follow, max-snippet:-1, max-image-preview:large, max-video-preview:-1\" \/>\n<meta property=\"og:locale\" content=\"es_ES\" \/>\n<meta property=\"og:type\" content=\"article\" \/>\n<meta property=\"og:title\" content=\"Taxi con medidas de Corona - Taxi Alicante permanece activo\" \/>\n<meta property=\"og:description\" content=\"Para ayudar a todos con el transporte privado (urgente) al aeropuerto, permanecemos activos en la Costa Blanca. Puede confiar en nosotros.\" \/>\n<meta property=\"og:url\" content=\"https:\/\/taxialicante.eu\/es\/2020\/04\/23\/medidas-de-corona\/\" \/>\n<meta property=\"og:site_name\" content=\"Taxi Alicante\" \/>\n<meta property=\"article:publisher\" content=\"https:\/\/www.facebook.com\/taxialicantevalencia\/?fref=ts\" \/>\n<meta property=\"article:published_time\" content=\"2020-04-23T18:43:55+00:00\" \/>\n<meta property=\"article:modified_time\" content=\"2020-04-23T19:05:06+00:00\" \/>\n<meta property=\"og:image\" content=\"https:\/\/taxialicante.eu\/wp-content\/uploads\/2020\/04\/blog-corona.png\" \/>\n\t<meta property=\"og:image:width\" content=\"800\" \/>\n\t<meta property=\"og:image:height\" content=\"350\" \/>\n\t<meta property=\"og:image:type\" content=\"image\/png\" \/>\n<meta name=\"author\" content=\"Taxi Alicante\" \/>\n<meta name=\"twitter:card\" content=\"summary_large_image\" \/>\n<meta name=\"twitter:label1\" content=\"Written by\" \/>\n\t<meta name=\"twitter:data1\" content=\"Taxi Alicante\" \/>\n\t<meta name=\"twitter:label2\" content=\"Est. reading time\" \/>\n\t<meta name=\"twitter:data2\" content=\"1 minute\" \/>\n<script type=\"application\/ld+json\" class=\"yoast-schema-graph\">{\"@context\":\"https:\/\/schema.org\",\"@graph\":[{\"@type\":\"Article\",\"@id\":\"https:\/\/taxialicante.eu\/es\/2020\/04\/23\/medidas-de-corona\/#article\",\"isPartOf\":{\"@id\":\"https:\/\/taxialicante.eu\/es\/2020\/04\/23\/medidas-de-corona\/\"},\"author\":{\"name\":\"Taxi Alicante\",\"@id\":\"https:\/\/taxialicante.eu\/#\/schema\/person\/1d9057877c73caba4def8d499d4c3d90\"},\"headline\":\"medidas de Corona\",\"datePublished\":\"2020-04-23T18:43:55+00:00\",\"dateModified\":\"2020-04-23T19:05:06+00:00\",\"mainEntityOfPage\":{\"@id\":\"https:\/\/taxialicante.eu\/es\/2020\/04\/23\/medidas-de-corona\/\"},\"wordCount\":145,\"publisher\":{\"@id\":\"https:\/\/taxialicante.eu\/#organization\"},\"image\":{\"@id\":\"https:\/\/taxialicante.eu\/es\/2020\/04\/23\/medidas-de-corona\/#primaryimage\"},\"thumbnailUrl\":\"https:\/\/taxialicante.eu\/wp-content\/uploads\/2020\/04\/blog-corona.png\",\"keywords\":[\"alicante\",\"corona virus\",\"desinfectar\",\"desinfectar taxi\",\"featured\",\"servicio aeropuerto\",\"servicio de taxi\",\"taxi\",\"taxi alicante\",\"taxi con medidas de corona\",\"valencia\"],\"articleSection\":[\"Aeropuerto Alicante\",\"Aeropuerto Valencia\"],\"inLanguage\":\"es\"},{\"@type\":\"WebPage\",\"@id\":\"https:\/\/taxialicante.eu\/es\/2020\/04\/23\/medidas-de-corona\/\",\"url\":\"https:\/\/taxialicante.eu\/es\/2020\/04\/23\/medidas-de-corona\/\",\"name\":\"Taxi con medidas de Corona - Taxi Alicante permanece activo\",\"isPartOf\":{\"@id\":\"https:\/\/taxialicante.eu\/#website\"},\"primaryImageOfPage\":{\"@id\":\"https:\/\/taxialicante.eu\/es\/2020\/04\/23\/medidas-de-corona\/#primaryimage\"},\"image\":{\"@id\":\"https:\/\/taxialicante.eu\/es\/2020\/04\/23\/medidas-de-corona\/#primaryimage\"},\"thumbnailUrl\":\"https:\/\/taxialicante.eu\/wp-content\/uploads\/2020\/04\/blog-corona.png\",\"datePublished\":\"2020-04-23T18:43:55+00:00\",\"dateModified\":\"2020-04-23T19:05:06+00:00\",\"description\":\"Para ayudar a todos con el transporte privado (urgente) al aeropuerto, permanecemos activos en la Costa Blanca. Puede confiar en nosotros.\",\"breadcrumb\":{\"@id\":\"https:\/\/taxialicante.eu\/es\/2020\/04\/23\/medidas-de-corona\/#breadcrumb\"},\"inLanguage\":\"es\",\"potentialAction\":[{\"@type\":\"ReadAction\",\"target\":[\"https:\/\/taxialicante.eu\/es\/2020\/04\/23\/medidas-de-corona\/\"]}]},{\"@type\":\"ImageObject\",\"inLanguage\":\"es\",\"@id\":\"https:\/\/taxialicante.eu\/es\/2020\/04\/23\/medidas-de-corona\/#primaryimage\",\"url\":\"https:\/\/taxialicante.eu\/wp-content\/uploads\/2020\/04\/blog-corona.png\",\"contentUrl\":\"https:\/\/taxialicante.eu\/wp-content\/uploads\/2020\/04\/blog-corona.png\",\"width\":800,\"height\":350,\"caption\":\"taxi tijdens corona maatregelen\"},{\"@type\":\"BreadcrumbList\",\"@id\":\"https:\/\/taxialicante.eu\/es\/2020\/04\/23\/medidas-de-corona\/#breadcrumb\",\"itemListElement\":[{\"@type\":\"ListItem\",\"position\":1,\"name\":\"Home\",\"item\":\"https:\/\/taxialicante.eu\/es\/\"},{\"@type\":\"ListItem\",\"position\":2,\"name\":\"medidas de Corona\"}]},{\"@type\":\"WebSite\",\"@id\":\"https:\/\/taxialicante.eu\/#website\",\"url\":\"https:\/\/taxialicante.eu\/\",\"name\":\"Taxi Alicante\",\"description\":\"25 jaar ervaring in luchthavenvervoer\",\"publisher\":{\"@id\":\"https:\/\/taxialicante.eu\/#organization\"},\"potentialAction\":[{\"@type\":\"SearchAction\",\"target\":{\"@type\":\"EntryPoint\",\"urlTemplate\":\"https:\/\/taxialicante.eu\/?s={search_term_string}\"},\"query-input\":{\"@type\":\"PropertyValueSpecification\",\"valueRequired\":true,\"valueName\":\"search_term_string\"}}],\"inLanguage\":\"es\"},{\"@type\":\"Organization\",\"@id\":\"https:\/\/taxialicante.eu\/#organization\",\"name\":\"Taxi Alicante\",\"url\":\"https:\/\/taxialicante.eu\/\",\"logo\":{\"@type\":\"ImageObject\",\"inLanguage\":\"es\",\"@id\":\"https:\/\/taxialicante.eu\/#\/schema\/logo\/image\/\",\"url\":\"https:\/\/taxialicante.eu\/wp-content\/uploads\/2017\/02\/logo-red-1.png\",\"contentUrl\":\"https:\/\/taxialicante.eu\/wp-content\/uploads\/2017\/02\/logo-red-1.png\",\"width\":350,\"height\":84,\"caption\":\"Taxi Alicante\"},\"image\":{\"@id\":\"https:\/\/taxialicante.eu\/#\/schema\/logo\/image\/\"},\"sameAs\":[\"https:\/\/www.facebook.com\/taxialicantevalencia\/?fref=ts\"]},{\"@type\":\"Person\",\"@id\":\"https:\/\/taxialicante.eu\/#\/schema\/person\/1d9057877c73caba4def8d499d4c3d90\",\"name\":\"Taxi Alicante\",\"image\":{\"@type\":\"ImageObject\",\"inLanguage\":\"es\",\"@id\":\"https:\/\/taxialicante.eu\/#\/schema\/person\/image\/\",\"url\":\"https:\/\/secure.gravatar.com\/avatar\/643d740b11cc02a040a6cf787d5ed09df40e0ca8bdf8d79153fa12211f8de733?s=96&d=mm&r=g\",\"contentUrl\":\"https:\/\/secure.gravatar.com\/avatar\/643d740b11cc02a040a6cf787d5ed09df40e0ca8bdf8d79153fa12211f8de733?s=96&d=mm&r=g\",\"caption\":\"Taxi Alicante\"}}]}<\/script>\n<!-- \/ Yoast SEO plugin. -->","yoast_head_json":{"title":"Taxi con medidas de Corona - Taxi Alicante permanece activo","description":"Para ayudar a todos con el transporte privado (urgente) al aeropuerto, permanecemos activos en la Costa Blanca. Puede confiar en nosotros.","robots":{"index":"index","follow":"follow","max-snippet":"max-snippet:-1","max-image-preview":"max-image-preview:large","max-video-preview":"max-video-preview:-1"},"og_locale":"es_ES","og_type":"article","og_title":"Taxi con medidas de Corona - Taxi Alicante permanece activo","og_description":"Para ayudar a todos con el transporte privado (urgente) al aeropuerto, permanecemos activos en la Costa Blanca. Puede confiar en nosotros.","og_url":"https:\/\/taxialicante.eu\/es\/2020\/04\/23\/medidas-de-corona\/","og_site_name":"Taxi Alicante","article_publisher":"https:\/\/www.facebook.com\/taxialicantevalencia\/?fref=ts","article_published_time":"2020-04-23T18:43:55+00:00","article_modified_time":"2020-04-23T19:05:06+00:00","og_image":[{"width":800,"height":350,"url":"https:\/\/taxialicante.eu\/wp-content\/uploads\/2020\/04\/blog-corona.png","type":"image\/png"}],"author":"Taxi Alicante","twitter_card":"summary_large_image","twitter_misc":{"Written by":"Taxi Alicante","Est. reading time":"1 minute"},"schema":{"@context":"https:\/\/schema.org","@graph":[{"@type":"Article","@id":"https:\/\/taxialicante.eu\/es\/2020\/04\/23\/medidas-de-corona\/#article","isPartOf":{"@id":"https:\/\/taxialicante.eu\/es\/2020\/04\/23\/medidas-de-corona\/"},"author":{"name":"Taxi Alicante","@id":"https:\/\/taxialicante.eu\/#\/schema\/person\/1d9057877c73caba4def8d499d4c3d90"},"headline":"medidas de Corona","datePublished":"2020-04-23T18:43:55+00:00","dateModified":"2020-04-23T19:05:06+00:00","mainEntityOfPage":{"@id":"https:\/\/taxialicante.eu\/es\/2020\/04\/23\/medidas-de-corona\/"},"wordCount":145,"publisher":{"@id":"https:\/\/taxialicante.eu\/#organization"},"image":{"@id":"https:\/\/taxialicante.eu\/es\/2020\/04\/23\/medidas-de-corona\/#primaryimage"},"thumbnailUrl":"https:\/\/taxialicante.eu\/wp-content\/uploads\/2020\/04\/blog-corona.png","keywords":["alicante","corona virus","desinfectar","desinfectar taxi","featured","servicio aeropuerto","servicio de taxi","taxi","taxi alicante","taxi con medidas de corona","valencia"],"articleSection":["Aeropuerto Alicante","Aeropuerto Valencia"],"inLanguage":"es"},{"@type":"WebPage","@id":"https:\/\/taxialicante.eu\/es\/2020\/04\/23\/medidas-de-corona\/","url":"https:\/\/taxialicante.eu\/es\/2020\/04\/23\/medidas-de-corona\/","name":"Taxi con medidas de Corona - Taxi Alicante permanece activo","isPartOf":{"@id":"https:\/\/taxialicante.eu\/#website"},"primaryImageOfPage":{"@id":"https:\/\/taxialicante.eu\/es\/2020\/04\/23\/medidas-de-corona\/#primaryimage"},"image":{"@id":"https:\/\/taxialicante.eu\/es\/2020\/04\/23\/medidas-de-corona\/#primaryimage"},"thumbnailUrl":"https:\/\/taxialicante.eu\/wp-content\/uploads\/2020\/04\/blog-corona.png","datePublished":"2020-04-23T18:43:55+00:00","dateModified":"2020-04-23T19:05:06+00:00","description":"Para ayudar a todos con el transporte privado (urgente) al aeropuerto, permanecemos activos en la Costa Blanca. Puede confiar en nosotros.","breadcrumb":{"@id":"https:\/\/taxialicante.eu\/es\/2020\/04\/23\/medidas-de-corona\/#breadcrumb"},"inLanguage":"es","potentialAction":[{"@type":"ReadAction","target":["https:\/\/taxialicante.eu\/es\/2020\/04\/23\/medidas-de-corona\/"]}]},{"@type":"ImageObject","inLanguage":"es","@id":"https:\/\/taxialicante.eu\/es\/2020\/04\/23\/medidas-de-corona\/#primaryimage","url":"https:\/\/taxialicante.eu\/wp-content\/uploads\/2020\/04\/blog-corona.png","contentUrl":"https:\/\/taxialicante.eu\/wp-content\/uploads\/2020\/04\/blog-corona.png","width":800,"height":350,"caption":"taxi tijdens corona maatregelen"},{"@type":"BreadcrumbList","@id":"https:\/\/taxialicante.eu\/es\/2020\/04\/23\/medidas-de-corona\/#breadcrumb","itemListElement":[{"@type":"ListItem","position":1,"name":"Home","item":"https:\/\/taxialicante.eu\/es\/"},{"@type":"ListItem","position":2,"name":"medidas de Corona"}]},{"@type":"WebSite","@id":"https:\/\/taxialicante.eu\/#website","url":"https:\/\/taxialicante.eu\/","name":"Taxi Alicante","description":"25 jaar ervaring in luchthavenvervoer","publisher":{"@id":"https:\/\/taxialicante.eu\/#organization"},"potentialAction":[{"@type":"SearchAction","target":{"@type":"EntryPoint","urlTemplate":"https:\/\/taxialicante.eu\/?s={search_term_string}"},"query-input":{"@type":"PropertyValueSpecification","valueRequired":true,"valueName":"search_term_string"}}],"inLanguage":"es"},{"@type":"Organization","@id":"https:\/\/taxialicante.eu\/#organization","name":"Taxi Alicante","url":"https:\/\/taxialicante.eu\/","logo":{"@type":"ImageObject","inLanguage":"es","@id":"https:\/\/taxialicante.eu\/#\/schema\/logo\/image\/","url":"https:\/\/taxialicante.eu\/wp-content\/uploads\/2017\/02\/logo-red-1.png","contentUrl":"https:\/\/taxialicante.eu\/wp-content\/uploads\/2017\/02\/logo-red-1.png","width":350,"height":84,"caption":"Taxi Alicante"},"image":{"@id":"https:\/\/taxialicante.eu\/#\/schema\/logo\/image\/"},"sameAs":["https:\/\/www.facebook.com\/taxialicantevalencia\/?fref=ts"]},{"@type":"Person","@id":"https:\/\/taxialicante.eu\/#\/schema\/person\/1d9057877c73caba4def8d499d4c3d90","name":"Taxi Alicante","image":{"@type":"ImageObject","inLanguage":"es","@id":"https:\/\/taxialicante.eu\/#\/schema\/person\/image\/","url":"https:\/\/secure.gravatar.com\/avatar\/643d740b11cc02a040a6cf787d5ed09df40e0ca8bdf8d79153fa12211f8de733?s=96&d=mm&r=g","contentUrl":"https:\/\/secure.gravatar.com\/avatar\/643d740b11cc02a040a6cf787d5ed09df40e0ca8bdf8d79153fa12211f8de733?s=96&d=mm&r=g","caption":"Taxi Alicante"}}]}},"_links":{"self":[{"href":"https:\/\/taxialicante.eu\/es\/wp-json\/wp\/v2\/posts\/5105","targetHints":{"allow":["GET"]}}],"collection":[{"href":"https:\/\/taxialicante.eu\/es\/wp-json\/wp\/v2\/posts"}],"about":[{"href":"https:\/\/taxialicante.eu\/es\/wp-json\/wp\/v2\/types\/post"}],"author":[{"embeddable":true,"href":"https:\/\/taxialicante.eu\/es\/wp-json\/wp\/v2\/users\/1"}],"replies":[{"embeddable":true,"href":"https:\/\/taxialicante.eu\/es\/wp-json\/wp\/v2\/comments?post=5105"}],"version-history":[{"count":3,"href":"https:\/\/taxialicante.eu\/es\/wp-json\/wp\/v2\/posts\/5105\/revisions"}],"predecessor-version":[{"id":5120,"href":"https:\/\/taxialicante.eu\/es\/wp-json\/wp\/v2\/posts\/5105\/revisions\/5120"}],"wp:featuredmedia":[{"embeddable":true,"href":"https:\/\/taxialicante.eu\/es\/wp-json\/wp\/v2\/media\/5100"}],"wp:attachment":[{"href":"https:\/\/taxialicante.eu\/es\/wp-json\/wp\/v2\/media?parent=5105"}],"wp:term":[{"taxonomy":"category","embeddable":true,"href":"https:\/\/taxialicante.eu\/es\/wp-json\/wp\/v2\/categories?post=5105"},{"taxonomy":"post_tag","embeddable":true,"href":"https:\/\/taxialicante.eu\/es\/wp-json\/wp\/v2\/tags?post=5105"}],"curies":[{"name":"wp","href":"https:\/\/api.w.org\/{rel}","templated":true}]}}