{"id":4020,"date":"2018-05-29T13:46:16","date_gmt":"2018-05-29T13:46:16","guid":{"rendered":"http:\/\/www.taxialicante.eu\/2018\/05\/29\/cirque-du-soleil-alicante\/"},"modified":"2018-05-29T14:28:29","modified_gmt":"2018-05-29T14:28:29","slug":"cirque-du-soleil-alicante","status":"publish","type":"post","link":"https:\/\/taxialicante.eu\/fr\/2018\/05\/29\/cirque-du-soleil-alicante\/","title":{"rendered":"Cirque du Soleil &#8211; Alicante"},"content":{"rendered":"<p>Le Cirque du Soleil reviendra \u00e0 Alicante, cette fois avec son nouveau spectacle &#8216;Totem&#8217; du 21 juillet au 19 ao\u00fbt 2018.<\/p>\n<ul>\n<li>Endroit:\u00a0Recinto Ferial de Rabasa<\/li>\n<li>Adresse: Calle Xativa s\/n Alicante 03009 Espa\u00f1a<\/li>\n<\/ul>\n<p>Plus d&#8217;infos &amp; vente de billets via ce\u00a0<a href=\"https:\/\/www.cirquedusoleil.com\/spain\/alicante\/totem\/buy-tickets\" target=\"_blank\" rel=\"noopener\">lien<\/a>! Avez-vous besoin de transport pour cet \u00e9v\u00e9nement? Alors contactez Taxi Alicante pour votre\u00a0<a href=\"https:\/\/taxialicante.eu\/fr\/service-de-taxi-costablanca\/\">service de taxi<\/a> ou <a href=\"https:\/\/taxialicante.eu\/fr\/transfert-en-groupe\/\">transfert en groupe<\/a>!<\/p>\n","protected":false},"excerpt":{"rendered":"<p>Le Cirque du Soleil reviendra \u00e0 Alicante, cette fois avec son nouveau spectacle &#8216;Totem&#8217; du 21 juillet au 19 ao\u00fbt 2018. Endroit:\u00a0Recinto Ferial de Rabasa Adresse: Calle Xativa s\/n Alicante 03009 Espa\u00f1a Plus d&#8217;infos &amp; vente de billets via ce\u00a0lien! Avez-vous besoin de transport pour cet \u00e9v\u00e9nement? Alors contactez Taxi Alicante pour votre\u00a0service de taxi ou transfert en groupe!<\/p>\n","protected":false},"author":1,"featured_media":4014,"comment_status":"closed","ping_status":"closed","sticky":false,"template":"","format":"standard","meta":{"footnotes":""},"categories":[175,189],"tags":[190,283,177,185,179,180,285,186,286,284,287],"class_list":["post-4020","post","type-post","status-publish","format-standard","has-post-thumbnail","hentry","category-evenements-costablanca","category-evenements-alicante","tag-alicante-fr","tag-cirque-du-soleil-fr","tag-costa-blanca-fr","tag-espagne-fr","tag-evenements-fr","tag-featured-fr","tag-service-de-taxi","tag-taxi-fr","tag-taxivervoer-fr","tag-transfert-en-groupe","tag-transport-fr"],"yoast_head":"<!-- This site is optimized with the Yoast SEO plugin v26.5 - https:\/\/yoast.com\/wordpress\/plugins\/seo\/ -->\n<title>Cirque du Soleil - Alicante - Taxi Alicante<\/title>\n<meta name=\"robots\" content=\"index, follow, max-snippet:-1, max-image-preview:large, max-video-preview:-1\" \/>\n<meta property=\"og:locale\" content=\"fr_FR\" \/>\n<meta property=\"og:type\" content=\"article\" \/>\n<meta property=\"og:title\" content=\"Cirque du Soleil - Alicante - Taxi Alicante\" \/>\n<meta property=\"og:description\" content=\"Le Cirque du Soleil reviendra \u00e0 Alicante, cette fois avec son nouveau spectacle &#8216;Totem&#8217; du 21 juillet au 19 ao\u00fbt 2018. Endroit:\u00a0Recinto Ferial de Rabasa Adresse: Calle Xativa s\/n Alicante 03009 Espa\u00f1a Plus d&#8217;infos &amp; vente de billets via ce\u00a0lien! Avez-vous besoin de transport pour cet \u00e9v\u00e9nement? Alors contactez Taxi Alicante pour votre\u00a0service de taxi ou transfert en groupe!\" \/>\n<meta property=\"og:url\" content=\"https:\/\/taxialicante.eu\/fr\/2018\/05\/29\/cirque-du-soleil-alicante\/\" \/>\n<meta property=\"og:site_name\" content=\"Taxi Alicante\" \/>\n<meta property=\"article:publisher\" content=\"https:\/\/www.facebook.com\/taxialicantevalencia\/?fref=ts\" \/>\n<meta property=\"article:published_time\" content=\"2018-05-29T13:46:16+00:00\" \/>\n<meta property=\"article:modified_time\" content=\"2018-05-29T14:28:29+00:00\" \/>\n<meta property=\"og:image\" content=\"https:\/\/taxialicante.eu\/wp-content\/uploads\/2018\/05\/cirquedusoleil-alicante.jpg\" \/>\n\t<meta property=\"og:image:width\" content=\"800\" \/>\n\t<meta property=\"og:image:height\" content=\"350\" \/>\n\t<meta property=\"og:image:type\" content=\"image\/jpeg\" \/>\n<meta name=\"author\" content=\"Taxi Alicante\" \/>\n<meta name=\"twitter:card\" content=\"summary_large_image\" \/>\n<meta name=\"twitter:label1\" content=\"Written by\" \/>\n\t<meta name=\"twitter:data1\" content=\"Taxi Alicante\" \/>\n<script type=\"application\/ld+json\" class=\"yoast-schema-graph\">{\"@context\":\"https:\/\/schema.org\",\"@graph\":[{\"@type\":\"Article\",\"@id\":\"https:\/\/taxialicante.eu\/fr\/2018\/05\/29\/cirque-du-soleil-alicante\/#article\",\"isPartOf\":{\"@id\":\"https:\/\/taxialicante.eu\/fr\/2018\/05\/29\/cirque-du-soleil-alicante\/\"},\"author\":{\"name\":\"Taxi Alicante\",\"@id\":\"https:\/\/taxialicante.eu\/#\/schema\/person\/1d9057877c73caba4def8d499d4c3d90\"},\"headline\":\"Cirque du Soleil &#8211; Alicante\",\"datePublished\":\"2018-05-29T13:46:16+00:00\",\"dateModified\":\"2018-05-29T14:28:29+00:00\",\"mainEntityOfPage\":{\"@id\":\"https:\/\/taxialicante.eu\/fr\/2018\/05\/29\/cirque-du-soleil-alicante\/\"},\"wordCount\":66,\"publisher\":{\"@id\":\"https:\/\/taxialicante.eu\/#organization\"},\"image\":{\"@id\":\"https:\/\/taxialicante.eu\/fr\/2018\/05\/29\/cirque-du-soleil-alicante\/#primaryimage\"},\"thumbnailUrl\":\"https:\/\/taxialicante.eu\/wp-content\/uploads\/2018\/05\/cirquedusoleil-alicante.jpg\",\"keywords\":[\"alicante\",\"cirque du soleil\",\"costa blanca\",\"espagne\",\"\u00e9v\u00e8nements\",\"featured\",\"service de taxi\",\"taxi\",\"taxivervoer\",\"transfert en groupe\",\"transport\"],\"articleSection\":[\"\u00c9v\u00e8nements\",\"\u00c9v\u00e8nements Alicante\"],\"inLanguage\":\"fr\"},{\"@type\":\"WebPage\",\"@id\":\"https:\/\/taxialicante.eu\/fr\/2018\/05\/29\/cirque-du-soleil-alicante\/\",\"url\":\"https:\/\/taxialicante.eu\/fr\/2018\/05\/29\/cirque-du-soleil-alicante\/\",\"name\":\"Cirque du Soleil - Alicante - Taxi Alicante\",\"isPartOf\":{\"@id\":\"https:\/\/taxialicante.eu\/#website\"},\"primaryImageOfPage\":{\"@id\":\"https:\/\/taxialicante.eu\/fr\/2018\/05\/29\/cirque-du-soleil-alicante\/#primaryimage\"},\"image\":{\"@id\":\"https:\/\/taxialicante.eu\/fr\/2018\/05\/29\/cirque-du-soleil-alicante\/#primaryimage\"},\"thumbnailUrl\":\"https:\/\/taxialicante.eu\/wp-content\/uploads\/2018\/05\/cirquedusoleil-alicante.jpg\",\"datePublished\":\"2018-05-29T13:46:16+00:00\",\"dateModified\":\"2018-05-29T14:28:29+00:00\",\"breadcrumb\":{\"@id\":\"https:\/\/taxialicante.eu\/fr\/2018\/05\/29\/cirque-du-soleil-alicante\/#breadcrumb\"},\"inLanguage\":\"fr\",\"potentialAction\":[{\"@type\":\"ReadAction\",\"target\":[\"https:\/\/taxialicante.eu\/fr\/2018\/05\/29\/cirque-du-soleil-alicante\/\"]}]},{\"@type\":\"ImageObject\",\"inLanguage\":\"fr\",\"@id\":\"https:\/\/taxialicante.eu\/fr\/2018\/05\/29\/cirque-du-soleil-alicante\/#primaryimage\",\"url\":\"https:\/\/taxialicante.eu\/wp-content\/uploads\/2018\/05\/cirquedusoleil-alicante.jpg\",\"contentUrl\":\"https:\/\/taxialicante.eu\/wp-content\/uploads\/2018\/05\/cirquedusoleil-alicante.jpg\",\"width\":800,\"height\":350,\"caption\":\"Cirque du Soleil Alicante 2018\"},{\"@type\":\"BreadcrumbList\",\"@id\":\"https:\/\/taxialicante.eu\/fr\/2018\/05\/29\/cirque-du-soleil-alicante\/#breadcrumb\",\"itemListElement\":[{\"@type\":\"ListItem\",\"position\":1,\"name\":\"Home\",\"item\":\"https:\/\/taxialicante.eu\/fr\/\"},{\"@type\":\"ListItem\",\"position\":2,\"name\":\"Cirque du Soleil &#8211; Alicante\"}]},{\"@type\":\"WebSite\",\"@id\":\"https:\/\/taxialicante.eu\/#website\",\"url\":\"https:\/\/taxialicante.eu\/\",\"name\":\"Taxi Alicante\",\"description\":\"25 jaar ervaring in luchthavenvervoer\",\"publisher\":{\"@id\":\"https:\/\/taxialicante.eu\/#organization\"},\"potentialAction\":[{\"@type\":\"SearchAction\",\"target\":{\"@type\":\"EntryPoint\",\"urlTemplate\":\"https:\/\/taxialicante.eu\/?s={search_term_string}\"},\"query-input\":{\"@type\":\"PropertyValueSpecification\",\"valueRequired\":true,\"valueName\":\"search_term_string\"}}],\"inLanguage\":\"fr\"},{\"@type\":\"Organization\",\"@id\":\"https:\/\/taxialicante.eu\/#organization\",\"name\":\"Taxi Alicante\",\"url\":\"https:\/\/taxialicante.eu\/\",\"logo\":{\"@type\":\"ImageObject\",\"inLanguage\":\"fr\",\"@id\":\"https:\/\/taxialicante.eu\/#\/schema\/logo\/image\/\",\"url\":\"https:\/\/taxialicante.eu\/wp-content\/uploads\/2017\/02\/logo-red-1.png\",\"contentUrl\":\"https:\/\/taxialicante.eu\/wp-content\/uploads\/2017\/02\/logo-red-1.png\",\"width\":350,\"height\":84,\"caption\":\"Taxi Alicante\"},\"image\":{\"@id\":\"https:\/\/taxialicante.eu\/#\/schema\/logo\/image\/\"},\"sameAs\":[\"https:\/\/www.facebook.com\/taxialicantevalencia\/?fref=ts\"]},{\"@type\":\"Person\",\"@id\":\"https:\/\/taxialicante.eu\/#\/schema\/person\/1d9057877c73caba4def8d499d4c3d90\",\"name\":\"Taxi Alicante\",\"image\":{\"@type\":\"ImageObject\",\"inLanguage\":\"fr\",\"@id\":\"https:\/\/taxialicante.eu\/#\/schema\/person\/image\/\",\"url\":\"https:\/\/secure.gravatar.com\/avatar\/643d740b11cc02a040a6cf787d5ed09df40e0ca8bdf8d79153fa12211f8de733?s=96&d=mm&r=g\",\"contentUrl\":\"https:\/\/secure.gravatar.com\/avatar\/643d740b11cc02a040a6cf787d5ed09df40e0ca8bdf8d79153fa12211f8de733?s=96&d=mm&r=g\",\"caption\":\"Taxi Alicante\"}}]}<\/script>\n<!-- \/ Yoast SEO plugin. -->","yoast_head_json":{"title":"Cirque du Soleil - Alicante - Taxi Alicante","robots":{"index":"index","follow":"follow","max-snippet":"max-snippet:-1","max-image-preview":"max-image-preview:large","max-video-preview":"max-video-preview:-1"},"og_locale":"fr_FR","og_type":"article","og_title":"Cirque du Soleil - Alicante - Taxi Alicante","og_description":"Le Cirque du Soleil reviendra \u00e0 Alicante, cette fois avec son nouveau spectacle &#8216;Totem&#8217; du 21 juillet au 19 ao\u00fbt 2018. Endroit:\u00a0Recinto Ferial de Rabasa Adresse: Calle Xativa s\/n Alicante 03009 Espa\u00f1a Plus d&#8217;infos &amp; vente de billets via ce\u00a0lien! Avez-vous besoin de transport pour cet \u00e9v\u00e9nement? Alors contactez Taxi Alicante pour votre\u00a0service de taxi ou transfert en groupe!","og_url":"https:\/\/taxialicante.eu\/fr\/2018\/05\/29\/cirque-du-soleil-alicante\/","og_site_name":"Taxi Alicante","article_publisher":"https:\/\/www.facebook.com\/taxialicantevalencia\/?fref=ts","article_published_time":"2018-05-29T13:46:16+00:00","article_modified_time":"2018-05-29T14:28:29+00:00","og_image":[{"width":800,"height":350,"url":"https:\/\/taxialicante.eu\/wp-content\/uploads\/2018\/05\/cirquedusoleil-alicante.jpg","type":"image\/jpeg"}],"author":"Taxi Alicante","twitter_card":"summary_large_image","twitter_misc":{"Written by":"Taxi Alicante"},"schema":{"@context":"https:\/\/schema.org","@graph":[{"@type":"Article","@id":"https:\/\/taxialicante.eu\/fr\/2018\/05\/29\/cirque-du-soleil-alicante\/#article","isPartOf":{"@id":"https:\/\/taxialicante.eu\/fr\/2018\/05\/29\/cirque-du-soleil-alicante\/"},"author":{"name":"Taxi Alicante","@id":"https:\/\/taxialicante.eu\/#\/schema\/person\/1d9057877c73caba4def8d499d4c3d90"},"headline":"Cirque du Soleil &#8211; Alicante","datePublished":"2018-05-29T13:46:16+00:00","dateModified":"2018-05-29T14:28:29+00:00","mainEntityOfPage":{"@id":"https:\/\/taxialicante.eu\/fr\/2018\/05\/29\/cirque-du-soleil-alicante\/"},"wordCount":66,"publisher":{"@id":"https:\/\/taxialicante.eu\/#organization"},"image":{"@id":"https:\/\/taxialicante.eu\/fr\/2018\/05\/29\/cirque-du-soleil-alicante\/#primaryimage"},"thumbnailUrl":"https:\/\/taxialicante.eu\/wp-content\/uploads\/2018\/05\/cirquedusoleil-alicante.jpg","keywords":["alicante","cirque du soleil","costa blanca","espagne","\u00e9v\u00e8nements","featured","service de taxi","taxi","taxivervoer","transfert en groupe","transport"],"articleSection":["\u00c9v\u00e8nements","\u00c9v\u00e8nements Alicante"],"inLanguage":"fr"},{"@type":"WebPage","@id":"https:\/\/taxialicante.eu\/fr\/2018\/05\/29\/cirque-du-soleil-alicante\/","url":"https:\/\/taxialicante.eu\/fr\/2018\/05\/29\/cirque-du-soleil-alicante\/","name":"Cirque du Soleil - Alicante - Taxi Alicante","isPartOf":{"@id":"https:\/\/taxialicante.eu\/#website"},"primaryImageOfPage":{"@id":"https:\/\/taxialicante.eu\/fr\/2018\/05\/29\/cirque-du-soleil-alicante\/#primaryimage"},"image":{"@id":"https:\/\/taxialicante.eu\/fr\/2018\/05\/29\/cirque-du-soleil-alicante\/#primaryimage"},"thumbnailUrl":"https:\/\/taxialicante.eu\/wp-content\/uploads\/2018\/05\/cirquedusoleil-alicante.jpg","datePublished":"2018-05-29T13:46:16+00:00","dateModified":"2018-05-29T14:28:29+00:00","breadcrumb":{"@id":"https:\/\/taxialicante.eu\/fr\/2018\/05\/29\/cirque-du-soleil-alicante\/#breadcrumb"},"inLanguage":"fr","potentialAction":[{"@type":"ReadAction","target":["https:\/\/taxialicante.eu\/fr\/2018\/05\/29\/cirque-du-soleil-alicante\/"]}]},{"@type":"ImageObject","inLanguage":"fr","@id":"https:\/\/taxialicante.eu\/fr\/2018\/05\/29\/cirque-du-soleil-alicante\/#primaryimage","url":"https:\/\/taxialicante.eu\/wp-content\/uploads\/2018\/05\/cirquedusoleil-alicante.jpg","contentUrl":"https:\/\/taxialicante.eu\/wp-content\/uploads\/2018\/05\/cirquedusoleil-alicante.jpg","width":800,"height":350,"caption":"Cirque du Soleil Alicante 2018"},{"@type":"BreadcrumbList","@id":"https:\/\/taxialicante.eu\/fr\/2018\/05\/29\/cirque-du-soleil-alicante\/#breadcrumb","itemListElement":[{"@type":"ListItem","position":1,"name":"Home","item":"https:\/\/taxialicante.eu\/fr\/"},{"@type":"ListItem","position":2,"name":"Cirque du Soleil &#8211; Alicante"}]},{"@type":"WebSite","@id":"https:\/\/taxialicante.eu\/#website","url":"https:\/\/taxialicante.eu\/","name":"Taxi Alicante","description":"25 jaar ervaring in luchthavenvervoer","publisher":{"@id":"https:\/\/taxialicante.eu\/#organization"},"potentialAction":[{"@type":"SearchAction","target":{"@type":"EntryPoint","urlTemplate":"https:\/\/taxialicante.eu\/?s={search_term_string}"},"query-input":{"@type":"PropertyValueSpecification","valueRequired":true,"valueName":"search_term_string"}}],"inLanguage":"fr"},{"@type":"Organization","@id":"https:\/\/taxialicante.eu\/#organization","name":"Taxi Alicante","url":"https:\/\/taxialicante.eu\/","logo":{"@type":"ImageObject","inLanguage":"fr","@id":"https:\/\/taxialicante.eu\/#\/schema\/logo\/image\/","url":"https:\/\/taxialicante.eu\/wp-content\/uploads\/2017\/02\/logo-red-1.png","contentUrl":"https:\/\/taxialicante.eu\/wp-content\/uploads\/2017\/02\/logo-red-1.png","width":350,"height":84,"caption":"Taxi Alicante"},"image":{"@id":"https:\/\/taxialicante.eu\/#\/schema\/logo\/image\/"},"sameAs":["https:\/\/www.facebook.com\/taxialicantevalencia\/?fref=ts"]},{"@type":"Person","@id":"https:\/\/taxialicante.eu\/#\/schema\/person\/1d9057877c73caba4def8d499d4c3d90","name":"Taxi Alicante","image":{"@type":"ImageObject","inLanguage":"fr","@id":"https:\/\/taxialicante.eu\/#\/schema\/person\/image\/","url":"https:\/\/secure.gravatar.com\/avatar\/643d740b11cc02a040a6cf787d5ed09df40e0ca8bdf8d79153fa12211f8de733?s=96&d=mm&r=g","contentUrl":"https:\/\/secure.gravatar.com\/avatar\/643d740b11cc02a040a6cf787d5ed09df40e0ca8bdf8d79153fa12211f8de733?s=96&d=mm&r=g","caption":"Taxi Alicante"}}]}},"_links":{"self":[{"href":"https:\/\/taxialicante.eu\/fr\/wp-json\/wp\/v2\/posts\/4020","targetHints":{"allow":["GET"]}}],"collection":[{"href":"https:\/\/taxialicante.eu\/fr\/wp-json\/wp\/v2\/posts"}],"about":[{"href":"https:\/\/taxialicante.eu\/fr\/wp-json\/wp\/v2\/types\/post"}],"author":[{"embeddable":true,"href":"https:\/\/taxialicante.eu\/fr\/wp-json\/wp\/v2\/users\/1"}],"replies":[{"embeddable":true,"href":"https:\/\/taxialicante.eu\/fr\/wp-json\/wp\/v2\/comments?post=4020"}],"version-history":[{"count":0,"href":"https:\/\/taxialicante.eu\/fr\/wp-json\/wp\/v2\/posts\/4020\/revisions"}],"wp:featuredmedia":[{"embeddable":true,"href":"https:\/\/taxialicante.eu\/fr\/wp-json\/wp\/v2\/media\/4014"}],"wp:attachment":[{"href":"https:\/\/taxialicante.eu\/fr\/wp-json\/wp\/v2\/media?parent=4020"}],"wp:term":[{"taxonomy":"category","embeddable":true,"href":"https:\/\/taxialicante.eu\/fr\/wp-json\/wp\/v2\/categories?post=4020"},{"taxonomy":"post_tag","embeddable":true,"href":"https:\/\/taxialicante.eu\/fr\/wp-json\/wp\/v2\/tags?post=4020"}],"curies":[{"name":"wp","href":"https:\/\/api.w.org\/{rel}","templated":true}]}}