{"id":4416,"date":"2018-12-18T10:47:15","date_gmt":"2018-12-18T10:47:15","guid":{"rendered":"http:\/\/www.taxialicante.eu\/2018\/12\/18\/corvera-airport\/"},"modified":"2018-12-18T12:21:38","modified_gmt":"2018-12-18T12:21:38","slug":"laeroport-de-corvera","status":"publish","type":"post","link":"https:\/\/taxialicante.eu\/fr\/2018\/12\/18\/laeroport-de-corvera\/","title":{"rendered":"L&#8217;a\u00e9roport de Corvera"},"content":{"rendered":"<p>La nouvelle destination touristique de l&#8217;Espagne, <strong>l&#8217;a\u00e9roport international Regi\u00f3n de Murcia<\/strong>, est sur le point d&#8217;ouvrir ses portes au trafic a\u00e9rien commercial le 15 janvier 2019.<\/p>\n<p><strong>L&#8217;a\u00e9roport de Corvera<\/strong> sera un a\u00e9roport international et, \u00e0 ce titre, sera plus grand et offrira plus d&#8217;installations et de services que l&#8217;a\u00e9roport de Murcia San Javier, situ\u00e9 \u00e0 proximit\u00e9. L\u2019a\u00e9roport de San Javier sera ferm\u00e9 et l\u2019utilisation militaire sera r\u00e9tablie et l\u2019a\u00e9roport de Corvera remplacera l\u2019a\u00e9roport de San Javier en tant que principal a\u00e9roport de la r\u00e9gion de Murcie. En tant que tel, le nouvel a\u00e9roport sera connu comme l&#8217;a\u00e9roport international de Murcie ou l&#8217;a\u00e9roport international de la r\u00e9gion de Murcie.<\/p>\n<p>En d\u00e9cembre 2018, un certain nombre de liaisons a\u00e9riennes et de compagnies a\u00e9riennes avaient d\u00e9j\u00e0 annonc\u00e9 leur intention d\u2019aller et d\u2019aller de <strong>l\u2019a\u00e9roport de Corvera<\/strong>. \u00c9tant donn\u00e9 que l&#8217;a\u00e9roport remplacera l&#8217;a\u00e9roport de San Javier et sera \u00e9galement g\u00e9r\u00e9 par AENA, il devrait en grande partie couvrir la plupart des liaisons existantes, sinon toutes, couvertes \u00e0 San Javier, mais avec la possibilit\u00e9 suppl\u00e9mentaire de g\u00e9rer de nombreuses autres routes. Au second semestre de 2019, le nombre de vols et de destinations augmentera encore.<\/p>\n<h4>\u00c0 partir de janvier 2019<\/h4>\n<p>\u2022 EasyJet &#8211; Londres Gatwick, Southend, Bristol<br \/>\n\u2022 Ryanair &#8211; Londres Stansted, Londres Luton, Manchester, East Midlands, Birmingham, Leeds Bradford, Dublin<\/p>\n<h4>\u00c0 partir de mars \/ avril 2019<\/h4>\n<p>\u2022 Jet2 &#8211; Leeds Bradford (mars), Manchester (avril)<\/p>\n<h4>\u00c0 partir d&#8217;avril 2019<\/h4>\n<p>\u2022 Ryanair &#8211; Glasgow Prestwick, Bournemouth<br \/>\n\u2022 Norwegian Air &#8211; Oslo, Stavanger, Bergen, Trondheim<br \/>\n\u2022 Tui &#8211; Anvers, Charleroi<\/p>\n<h4>\u00c0 partir de mai 2019<\/h4>\n<p>\u2022 Volotea &#8211; Asturies<\/p>\n<p>\u00c0 ce jour, quatre concessions ont \u00e9t\u00e9 n\u00e9goci\u00e9es pour des aliments et des boissons: un caf\u00e9 Costa Coffee, un sandwicher Subway, un restaurant Semba et un point de vente WHSmith proposant une s\u00e9lection de livres, de magazines et de collations l\u00e9g\u00e8res. Le nouvel a\u00e9roport offre une v\u00e9ritable alternative \u00e0 l\u2019a\u00e9roport international d\u2019Alicante-Elche, en particulier pour les destinations de voyage situ\u00e9es en Espagne, au sud de la ville de Torrevieja. Le nouvel <strong>a\u00e9roport de Murcie<\/strong> se trouve \u00e0 47,6 km de La Zenia, \u00e0 \u00e9gale distance de Alicante-Elche et \u00e0 49 km.<\/p>\n<p>Taxi Alicante fournit \u00e9galement vos <a href=\"https:\/\/taxialicante.eu\/fr\/transfert-aeroport-alicante-valence\/\">transferts d&#8217;a\u00e9roport<\/a> \u00e0 et de l&#8217;a\u00e9roport de Corvera \u00e0 Murcia. Contactez-nous pour votre <a href=\"https:\/\/taxialicante.eu\/fr\/devis-transfert-aeroport\/\">devis gratuit<\/a> ou r\u00e9servez en ligne sur notre site.<\/p>\n","protected":false},"excerpt":{"rendered":"<p>La nouvelle destination touristique de l&#8217;Espagne, l&#8217;a\u00e9roport international Regi\u00f3n de Murcia, est sur le point d&#8217;ouvrir ses portes au trafic a\u00e9rien commercial le 15 janvier 2019. L&#8217;a\u00e9roport de Corvera sera un a\u00e9roport international et, \u00e0 ce titre, sera plus grand et offrira plus d&#8217;installations et de services que l&#8217;a\u00e9roport de Murcia San Javier, situ\u00e9 \u00e0 proximit\u00e9. L\u2019a\u00e9roport de San Javier sera ferm\u00e9 et l\u2019utilisation militaire sera r\u00e9tablie et l\u2019a\u00e9roport de Corvera remplacera l\u2019a\u00e9roport de San Javier en tant que principal a\u00e9roport de la r\u00e9gion de Murcie. En tant que tel, le nouvel a\u00e9roport sera connu comme l&#8217;a\u00e9roport international de Murcie ou l&#8217;a\u00e9roport international de la r\u00e9gion de Murcie. En d\u00e9cembre 2018, un certain nombre de liaisons a\u00e9riennes et de compagnies a\u00e9riennes avaient d\u00e9j\u00e0 annonc\u00e9 leur intention d\u2019aller et d\u2019aller de l\u2019a\u00e9roport de Corvera. \u00c9tant donn\u00e9 que l&#8217;a\u00e9roport remplacera l&#8217;a\u00e9roport de San Javier et sera \u00e9galement g\u00e9r\u00e9 par AENA, il devrait en grande partie couvrir la plupart des liaisons existantes, sinon toutes, couvertes \u00e0 San Javier, mais avec la possibilit\u00e9 suppl\u00e9mentaire de g\u00e9rer de nombreuses autres routes. Au second semestre de 2019, le nombre de vols et de destinations augmentera encore. \u00c0 partir de janvier 2019 \u2022 EasyJet &#8211; Londres Gatwick, [&hellip;]<\/p>\n","protected":false},"author":1,"featured_media":4410,"comment_status":"closed","ping_status":"closed","sticky":false,"template":"","format":"standard","meta":{"footnotes":""},"categories":[438],"tags":[255,441,442,180,443,444,440,439],"class_list":["post-4416","post","type-post","status-publish","format-standard","has-post-thumbnail","hentry","category-corvera-aeroport","tag-aeroport","tag-corvera-fr","tag-corvera-aeroport","tag-featured-fr","tag-murcia-fr","tag-murcia-aeroport","tag-navette-aeroport","tag-transfert-aeroport"],"yoast_head":"<!-- This site is optimized with the Yoast SEO plugin v26.5 - https:\/\/yoast.com\/wordpress\/plugins\/seo\/ -->\n<title>L&#039;a\u00e9roport de Corvera - Taxi Alicante<\/title>\n<meta name=\"description\" content=\"L&#039;a\u00e9roport de Corvera sera un a\u00e9roport international et sera plus grand et offrira plus d&#039;installations et de services que l&#039;a\u00e9roport de Murcia San Javier.\" \/>\n<meta name=\"robots\" content=\"index, follow, max-snippet:-1, max-image-preview:large, max-video-preview:-1\" \/>\n<meta property=\"og:locale\" content=\"fr_FR\" \/>\n<meta property=\"og:type\" content=\"article\" \/>\n<meta property=\"og:title\" content=\"L&#039;a\u00e9roport de Corvera - Taxi Alicante\" \/>\n<meta property=\"og:description\" content=\"L&#039;a\u00e9roport de Corvera sera un a\u00e9roport international et sera plus grand et offrira plus d&#039;installations et de services que l&#039;a\u00e9roport de Murcia San Javier.\" \/>\n<meta property=\"og:url\" content=\"https:\/\/taxialicante.eu\/fr\/2018\/12\/18\/laeroport-de-corvera\/\" \/>\n<meta property=\"og:site_name\" content=\"Taxi Alicante\" \/>\n<meta property=\"article:publisher\" content=\"https:\/\/www.facebook.com\/taxialicantevalencia\/?fref=ts\" \/>\n<meta property=\"article:published_time\" content=\"2018-12-18T10:47:15+00:00\" \/>\n<meta property=\"article:modified_time\" content=\"2018-12-18T12:21:38+00:00\" \/>\n<meta property=\"og:image\" content=\"https:\/\/taxialicante.eu\/wp-content\/uploads\/2018\/12\/corvera-airport.jpg\" \/>\n\t<meta property=\"og:image:width\" content=\"800\" \/>\n\t<meta property=\"og:image:height\" content=\"350\" \/>\n\t<meta property=\"og:image:type\" content=\"image\/jpeg\" \/>\n<meta name=\"author\" content=\"Taxi Alicante\" \/>\n<meta name=\"twitter:card\" content=\"summary_large_image\" \/>\n<meta name=\"twitter:label1\" content=\"Written by\" \/>\n\t<meta name=\"twitter:data1\" content=\"Taxi Alicante\" \/>\n\t<meta name=\"twitter:label2\" content=\"Est. reading time\" \/>\n\t<meta name=\"twitter:data2\" content=\"2 minutes\" \/>\n<script type=\"application\/ld+json\" class=\"yoast-schema-graph\">{\"@context\":\"https:\/\/schema.org\",\"@graph\":[{\"@type\":\"Article\",\"@id\":\"https:\/\/taxialicante.eu\/fr\/2018\/12\/18\/laeroport-de-corvera\/#article\",\"isPartOf\":{\"@id\":\"https:\/\/taxialicante.eu\/fr\/2018\/12\/18\/laeroport-de-corvera\/\"},\"author\":{\"name\":\"Taxi Alicante\",\"@id\":\"https:\/\/taxialicante.eu\/#\/schema\/person\/1d9057877c73caba4def8d499d4c3d90\"},\"headline\":\"L&#8217;a\u00e9roport de Corvera\",\"datePublished\":\"2018-12-18T10:47:15+00:00\",\"dateModified\":\"2018-12-18T12:21:38+00:00\",\"mainEntityOfPage\":{\"@id\":\"https:\/\/taxialicante.eu\/fr\/2018\/12\/18\/laeroport-de-corvera\/\"},\"wordCount\":401,\"publisher\":{\"@id\":\"https:\/\/taxialicante.eu\/#organization\"},\"image\":{\"@id\":\"https:\/\/taxialicante.eu\/fr\/2018\/12\/18\/laeroport-de-corvera\/#primaryimage\"},\"thumbnailUrl\":\"https:\/\/taxialicante.eu\/wp-content\/uploads\/2018\/12\/corvera-airport.jpg\",\"keywords\":[\"a\u00e9roport\",\"corvera\",\"corvera aeroport\",\"featured\",\"murcia\",\"murcia aeroport\",\"navette aeroport\",\"transfert aeroport\"],\"articleSection\":[\"Corvera A\u00e9roport\"],\"inLanguage\":\"fr\"},{\"@type\":\"WebPage\",\"@id\":\"https:\/\/taxialicante.eu\/fr\/2018\/12\/18\/laeroport-de-corvera\/\",\"url\":\"https:\/\/taxialicante.eu\/fr\/2018\/12\/18\/laeroport-de-corvera\/\",\"name\":\"L'a\u00e9roport de Corvera - Taxi Alicante\",\"isPartOf\":{\"@id\":\"https:\/\/taxialicante.eu\/#website\"},\"primaryImageOfPage\":{\"@id\":\"https:\/\/taxialicante.eu\/fr\/2018\/12\/18\/laeroport-de-corvera\/#primaryimage\"},\"image\":{\"@id\":\"https:\/\/taxialicante.eu\/fr\/2018\/12\/18\/laeroport-de-corvera\/#primaryimage\"},\"thumbnailUrl\":\"https:\/\/taxialicante.eu\/wp-content\/uploads\/2018\/12\/corvera-airport.jpg\",\"datePublished\":\"2018-12-18T10:47:15+00:00\",\"dateModified\":\"2018-12-18T12:21:38+00:00\",\"description\":\"L'a\u00e9roport de Corvera sera un a\u00e9roport international et sera plus grand et offrira plus d'installations et de services que l'a\u00e9roport de Murcia San Javier.\",\"breadcrumb\":{\"@id\":\"https:\/\/taxialicante.eu\/fr\/2018\/12\/18\/laeroport-de-corvera\/#breadcrumb\"},\"inLanguage\":\"fr\",\"potentialAction\":[{\"@type\":\"ReadAction\",\"target\":[\"https:\/\/taxialicante.eu\/fr\/2018\/12\/18\/laeroport-de-corvera\/\"]}]},{\"@type\":\"ImageObject\",\"inLanguage\":\"fr\",\"@id\":\"https:\/\/taxialicante.eu\/fr\/2018\/12\/18\/laeroport-de-corvera\/#primaryimage\",\"url\":\"https:\/\/taxialicante.eu\/wp-content\/uploads\/2018\/12\/corvera-airport.jpg\",\"contentUrl\":\"https:\/\/taxialicante.eu\/wp-content\/uploads\/2018\/12\/corvera-airport.jpg\",\"width\":800,\"height\":350,\"caption\":\"Corvera Airport - Murcia Airport\"},{\"@type\":\"BreadcrumbList\",\"@id\":\"https:\/\/taxialicante.eu\/fr\/2018\/12\/18\/laeroport-de-corvera\/#breadcrumb\",\"itemListElement\":[{\"@type\":\"ListItem\",\"position\":1,\"name\":\"Home\",\"item\":\"https:\/\/taxialicante.eu\/fr\/\"},{\"@type\":\"ListItem\",\"position\":2,\"name\":\"L&#8217;a\u00e9roport de Corvera\"}]},{\"@type\":\"WebSite\",\"@id\":\"https:\/\/taxialicante.eu\/#website\",\"url\":\"https:\/\/taxialicante.eu\/\",\"name\":\"Taxi Alicante\",\"description\":\"25 jaar ervaring in luchthavenvervoer\",\"publisher\":{\"@id\":\"https:\/\/taxialicante.eu\/#organization\"},\"potentialAction\":[{\"@type\":\"SearchAction\",\"target\":{\"@type\":\"EntryPoint\",\"urlTemplate\":\"https:\/\/taxialicante.eu\/?s={search_term_string}\"},\"query-input\":{\"@type\":\"PropertyValueSpecification\",\"valueRequired\":true,\"valueName\":\"search_term_string\"}}],\"inLanguage\":\"fr\"},{\"@type\":\"Organization\",\"@id\":\"https:\/\/taxialicante.eu\/#organization\",\"name\":\"Taxi Alicante\",\"url\":\"https:\/\/taxialicante.eu\/\",\"logo\":{\"@type\":\"ImageObject\",\"inLanguage\":\"fr\",\"@id\":\"https:\/\/taxialicante.eu\/#\/schema\/logo\/image\/\",\"url\":\"https:\/\/taxialicante.eu\/wp-content\/uploads\/2017\/02\/logo-red-1.png\",\"contentUrl\":\"https:\/\/taxialicante.eu\/wp-content\/uploads\/2017\/02\/logo-red-1.png\",\"width\":350,\"height\":84,\"caption\":\"Taxi Alicante\"},\"image\":{\"@id\":\"https:\/\/taxialicante.eu\/#\/schema\/logo\/image\/\"},\"sameAs\":[\"https:\/\/www.facebook.com\/taxialicantevalencia\/?fref=ts\"]},{\"@type\":\"Person\",\"@id\":\"https:\/\/taxialicante.eu\/#\/schema\/person\/1d9057877c73caba4def8d499d4c3d90\",\"name\":\"Taxi Alicante\",\"image\":{\"@type\":\"ImageObject\",\"inLanguage\":\"fr\",\"@id\":\"https:\/\/taxialicante.eu\/#\/schema\/person\/image\/\",\"url\":\"https:\/\/secure.gravatar.com\/avatar\/643d740b11cc02a040a6cf787d5ed09df40e0ca8bdf8d79153fa12211f8de733?s=96&d=mm&r=g\",\"contentUrl\":\"https:\/\/secure.gravatar.com\/avatar\/643d740b11cc02a040a6cf787d5ed09df40e0ca8bdf8d79153fa12211f8de733?s=96&d=mm&r=g\",\"caption\":\"Taxi Alicante\"}}]}<\/script>\n<!-- \/ Yoast SEO plugin. -->","yoast_head_json":{"title":"L'a\u00e9roport de Corvera - Taxi Alicante","description":"L'a\u00e9roport de Corvera sera un a\u00e9roport international et sera plus grand et offrira plus d'installations et de services que l'a\u00e9roport de Murcia San Javier.","robots":{"index":"index","follow":"follow","max-snippet":"max-snippet:-1","max-image-preview":"max-image-preview:large","max-video-preview":"max-video-preview:-1"},"og_locale":"fr_FR","og_type":"article","og_title":"L'a\u00e9roport de Corvera - Taxi Alicante","og_description":"L'a\u00e9roport de Corvera sera un a\u00e9roport international et sera plus grand et offrira plus d'installations et de services que l'a\u00e9roport de Murcia San Javier.","og_url":"https:\/\/taxialicante.eu\/fr\/2018\/12\/18\/laeroport-de-corvera\/","og_site_name":"Taxi Alicante","article_publisher":"https:\/\/www.facebook.com\/taxialicantevalencia\/?fref=ts","article_published_time":"2018-12-18T10:47:15+00:00","article_modified_time":"2018-12-18T12:21:38+00:00","og_image":[{"width":800,"height":350,"url":"https:\/\/taxialicante.eu\/wp-content\/uploads\/2018\/12\/corvera-airport.jpg","type":"image\/jpeg"}],"author":"Taxi Alicante","twitter_card":"summary_large_image","twitter_misc":{"Written by":"Taxi Alicante","Est. reading time":"2 minutes"},"schema":{"@context":"https:\/\/schema.org","@graph":[{"@type":"Article","@id":"https:\/\/taxialicante.eu\/fr\/2018\/12\/18\/laeroport-de-corvera\/#article","isPartOf":{"@id":"https:\/\/taxialicante.eu\/fr\/2018\/12\/18\/laeroport-de-corvera\/"},"author":{"name":"Taxi Alicante","@id":"https:\/\/taxialicante.eu\/#\/schema\/person\/1d9057877c73caba4def8d499d4c3d90"},"headline":"L&#8217;a\u00e9roport de Corvera","datePublished":"2018-12-18T10:47:15+00:00","dateModified":"2018-12-18T12:21:38+00:00","mainEntityOfPage":{"@id":"https:\/\/taxialicante.eu\/fr\/2018\/12\/18\/laeroport-de-corvera\/"},"wordCount":401,"publisher":{"@id":"https:\/\/taxialicante.eu\/#organization"},"image":{"@id":"https:\/\/taxialicante.eu\/fr\/2018\/12\/18\/laeroport-de-corvera\/#primaryimage"},"thumbnailUrl":"https:\/\/taxialicante.eu\/wp-content\/uploads\/2018\/12\/corvera-airport.jpg","keywords":["a\u00e9roport","corvera","corvera aeroport","featured","murcia","murcia aeroport","navette aeroport","transfert aeroport"],"articleSection":["Corvera A\u00e9roport"],"inLanguage":"fr"},{"@type":"WebPage","@id":"https:\/\/taxialicante.eu\/fr\/2018\/12\/18\/laeroport-de-corvera\/","url":"https:\/\/taxialicante.eu\/fr\/2018\/12\/18\/laeroport-de-corvera\/","name":"L'a\u00e9roport de Corvera - Taxi Alicante","isPartOf":{"@id":"https:\/\/taxialicante.eu\/#website"},"primaryImageOfPage":{"@id":"https:\/\/taxialicante.eu\/fr\/2018\/12\/18\/laeroport-de-corvera\/#primaryimage"},"image":{"@id":"https:\/\/taxialicante.eu\/fr\/2018\/12\/18\/laeroport-de-corvera\/#primaryimage"},"thumbnailUrl":"https:\/\/taxialicante.eu\/wp-content\/uploads\/2018\/12\/corvera-airport.jpg","datePublished":"2018-12-18T10:47:15+00:00","dateModified":"2018-12-18T12:21:38+00:00","description":"L'a\u00e9roport de Corvera sera un a\u00e9roport international et sera plus grand et offrira plus d'installations et de services que l'a\u00e9roport de Murcia San Javier.","breadcrumb":{"@id":"https:\/\/taxialicante.eu\/fr\/2018\/12\/18\/laeroport-de-corvera\/#breadcrumb"},"inLanguage":"fr","potentialAction":[{"@type":"ReadAction","target":["https:\/\/taxialicante.eu\/fr\/2018\/12\/18\/laeroport-de-corvera\/"]}]},{"@type":"ImageObject","inLanguage":"fr","@id":"https:\/\/taxialicante.eu\/fr\/2018\/12\/18\/laeroport-de-corvera\/#primaryimage","url":"https:\/\/taxialicante.eu\/wp-content\/uploads\/2018\/12\/corvera-airport.jpg","contentUrl":"https:\/\/taxialicante.eu\/wp-content\/uploads\/2018\/12\/corvera-airport.jpg","width":800,"height":350,"caption":"Corvera Airport - Murcia Airport"},{"@type":"BreadcrumbList","@id":"https:\/\/taxialicante.eu\/fr\/2018\/12\/18\/laeroport-de-corvera\/#breadcrumb","itemListElement":[{"@type":"ListItem","position":1,"name":"Home","item":"https:\/\/taxialicante.eu\/fr\/"},{"@type":"ListItem","position":2,"name":"L&#8217;a\u00e9roport de Corvera"}]},{"@type":"WebSite","@id":"https:\/\/taxialicante.eu\/#website","url":"https:\/\/taxialicante.eu\/","name":"Taxi Alicante","description":"25 jaar ervaring in luchthavenvervoer","publisher":{"@id":"https:\/\/taxialicante.eu\/#organization"},"potentialAction":[{"@type":"SearchAction","target":{"@type":"EntryPoint","urlTemplate":"https:\/\/taxialicante.eu\/?s={search_term_string}"},"query-input":{"@type":"PropertyValueSpecification","valueRequired":true,"valueName":"search_term_string"}}],"inLanguage":"fr"},{"@type":"Organization","@id":"https:\/\/taxialicante.eu\/#organization","name":"Taxi Alicante","url":"https:\/\/taxialicante.eu\/","logo":{"@type":"ImageObject","inLanguage":"fr","@id":"https:\/\/taxialicante.eu\/#\/schema\/logo\/image\/","url":"https:\/\/taxialicante.eu\/wp-content\/uploads\/2017\/02\/logo-red-1.png","contentUrl":"https:\/\/taxialicante.eu\/wp-content\/uploads\/2017\/02\/logo-red-1.png","width":350,"height":84,"caption":"Taxi Alicante"},"image":{"@id":"https:\/\/taxialicante.eu\/#\/schema\/logo\/image\/"},"sameAs":["https:\/\/www.facebook.com\/taxialicantevalencia\/?fref=ts"]},{"@type":"Person","@id":"https:\/\/taxialicante.eu\/#\/schema\/person\/1d9057877c73caba4def8d499d4c3d90","name":"Taxi Alicante","image":{"@type":"ImageObject","inLanguage":"fr","@id":"https:\/\/taxialicante.eu\/#\/schema\/person\/image\/","url":"https:\/\/secure.gravatar.com\/avatar\/643d740b11cc02a040a6cf787d5ed09df40e0ca8bdf8d79153fa12211f8de733?s=96&d=mm&r=g","contentUrl":"https:\/\/secure.gravatar.com\/avatar\/643d740b11cc02a040a6cf787d5ed09df40e0ca8bdf8d79153fa12211f8de733?s=96&d=mm&r=g","caption":"Taxi Alicante"}}]}},"_links":{"self":[{"href":"https:\/\/taxialicante.eu\/fr\/wp-json\/wp\/v2\/posts\/4416","targetHints":{"allow":["GET"]}}],"collection":[{"href":"https:\/\/taxialicante.eu\/fr\/wp-json\/wp\/v2\/posts"}],"about":[{"href":"https:\/\/taxialicante.eu\/fr\/wp-json\/wp\/v2\/types\/post"}],"author":[{"embeddable":true,"href":"https:\/\/taxialicante.eu\/fr\/wp-json\/wp\/v2\/users\/1"}],"replies":[{"embeddable":true,"href":"https:\/\/taxialicante.eu\/fr\/wp-json\/wp\/v2\/comments?post=4416"}],"version-history":[{"count":0,"href":"https:\/\/taxialicante.eu\/fr\/wp-json\/wp\/v2\/posts\/4416\/revisions"}],"wp:featuredmedia":[{"embeddable":true,"href":"https:\/\/taxialicante.eu\/fr\/wp-json\/wp\/v2\/media\/4410"}],"wp:attachment":[{"href":"https:\/\/taxialicante.eu\/fr\/wp-json\/wp\/v2\/media?parent=4416"}],"wp:term":[{"taxonomy":"category","embeddable":true,"href":"https:\/\/taxialicante.eu\/fr\/wp-json\/wp\/v2\/categories?post=4416"},{"taxonomy":"post_tag","embeddable":true,"href":"https:\/\/taxialicante.eu\/fr\/wp-json\/wp\/v2\/tags?post=4416"}],"curies":[{"name":"wp","href":"https:\/\/api.w.org\/{rel}","templated":true}]}}