{"id":4567,"date":"2019-02-11T21:17:09","date_gmt":"2019-02-11T21:17:09","guid":{"rendered":"http:\/\/www.taxialicante.eu\/2019\/02\/11\/luchthaven-alicante-elche\/"},"modified":"2019-02-11T21:35:53","modified_gmt":"2019-02-11T21:35:53","slug":"aeroport-alicante-elche","status":"publish","type":"post","link":"https:\/\/taxialicante.eu\/fr\/2019\/02\/11\/aeroport-alicante-elche\/","title":{"rendered":"L&#8217;A\u00e9roport d&#8217;Alicante-Elche"},"content":{"rendered":"<p>Bient\u00f4t, l&#8217;a\u00e9roport d&#8217;Alicante-Elche sera rendu plus attrayant pour les voyageurs. Ceci avec une terrasse panoramique et 18 nouveaux magasins et \u00e9tablissements de restauration. Un espace de 5 600 m\u00e8tres carr\u00e9s a \u00e9t\u00e9 d\u00e9gag\u00e9 dans le hall des d\u00e9parts \u00e0 cette fin. Depuis la terrasse panoramique, les personnes en attente peuvent voir les avions au d\u00e9part et \u00e0 l\u2019atterrissage \u00e0 l\u2019ext\u00e9rieur et avoir une vue sur la mer. La terrasse, de 130 m\u00e8tres carr\u00e9s, sera \u00e9galement la seule zone fumeur de l&#8217;a\u00e9roport.<\/p>\n<p>En 2018, l&#8217;a\u00e9roport d&#8217;Alicante-Elche comptait pr\u00e8s de 14 millions de passagers, ce qui en faisait le cinqui\u00e8me a\u00e9roport le plus achaland\u00e9 d&#8217;Espagne, derri\u00e8re Madrid-Barajas, Barcelone-El Prat, Palma de Majorque et M\u00e1laga-Costa del Sol.<\/p>\n<p>Allez-vous bient\u00f4t atterrir ou partir \u00e0 l&#8217;a\u00e9roport d&#8217;Alicante-Elche? Contactez-nous pour prendre en charge votre transport a\u00e9roport priv\u00e9 vers n&#8217;importe quelle destination de la Costa Blanca!<br \/>\nDemandez votre <a href=\"https:\/\/taxialicante.eu\/fr\/devis-transfert-aeroport\/\">devis gratuit<\/a>!<\/p>\n","protected":false},"excerpt":{"rendered":"<p>Bient\u00f4t, l&#8217;a\u00e9roport d&#8217;Alicante-Elche sera rendu plus attrayant pour les voyageurs. Ceci avec une terrasse panoramique et 18 nouveaux magasins et \u00e9tablissements de restauration. Un espace de 5 600 m\u00e8tres carr\u00e9s a \u00e9t\u00e9 d\u00e9gag\u00e9 dans le hall des d\u00e9parts \u00e0 cette fin. Depuis la terrasse panoramique, les personnes en attente peuvent voir les avions au d\u00e9part et \u00e0 l\u2019atterrissage \u00e0 l\u2019ext\u00e9rieur et avoir une vue sur la mer. La terrasse, de 130 m\u00e8tres carr\u00e9s, sera \u00e9galement la seule zone fumeur de l&#8217;a\u00e9roport. En 2018, l&#8217;a\u00e9roport d&#8217;Alicante-Elche comptait pr\u00e8s de 14 millions de passagers, ce qui en faisait le cinqui\u00e8me a\u00e9roport le plus achaland\u00e9 d&#8217;Espagne, derri\u00e8re Madrid-Barajas, Barcelone-El Prat, Palma de Majorque et M\u00e1laga-Costa del Sol. Allez-vous bient\u00f4t atterrir ou partir \u00e0 l&#8217;a\u00e9roport d&#8217;Alicante-Elche? Contactez-nous pour prendre en charge votre transport a\u00e9roport priv\u00e9 vers n&#8217;importe quelle destination de la Costa Blanca! Demandez votre devis gratuit!<\/p>\n","protected":false},"author":1,"featured_media":4564,"comment_status":"closed","ping_status":"closed","sticky":false,"template":"","format":"standard","meta":{"footnotes":""},"categories":[244],"tags":[255,190,462,177,185,180,440,439],"class_list":["post-4567","post","type-post","status-publish","format-standard","has-post-thumbnail","hentry","category-aeroport-alicante","tag-aeroport","tag-alicante-fr","tag-alicante-elche-fr","tag-costa-blanca-fr","tag-espagne-fr","tag-featured-fr","tag-navette-aeroport","tag-transfert-aeroport"],"yoast_head":"<!-- This site is optimized with the Yoast SEO plugin v26.5 - https:\/\/yoast.com\/wordpress\/plugins\/seo\/ -->\n<title>L&#039;A\u00e9roport d&#039;Alicante-Elche - Navette a\u00e9roport priv\u00e9e par Taxi Alicante<\/title>\n<meta name=\"description\" content=\"Bient\u00f4t, l&#039;a\u00e9roport d&#039;Alicante-Elche sera rendu plus attrayant avec une terrasse panoramique et 18 nouveaux magasins et \u00e9tablissements de restauration.\" \/>\n<meta name=\"robots\" content=\"index, follow, max-snippet:-1, max-image-preview:large, max-video-preview:-1\" \/>\n<meta property=\"og:locale\" content=\"fr_FR\" \/>\n<meta property=\"og:type\" content=\"article\" \/>\n<meta property=\"og:title\" content=\"L&#039;A\u00e9roport d&#039;Alicante-Elche - Navette a\u00e9roport priv\u00e9e par Taxi Alicante\" \/>\n<meta property=\"og:description\" content=\"Bient\u00f4t, l&#039;a\u00e9roport d&#039;Alicante-Elche sera rendu plus attrayant avec une terrasse panoramique et 18 nouveaux magasins et \u00e9tablissements de restauration.\" \/>\n<meta property=\"og:url\" content=\"https:\/\/taxialicante.eu\/fr\/2019\/02\/11\/aeroport-alicante-elche\/\" \/>\n<meta property=\"og:site_name\" content=\"Taxi Alicante\" \/>\n<meta property=\"article:publisher\" content=\"https:\/\/www.facebook.com\/taxialicantevalencia\/?fref=ts\" \/>\n<meta property=\"article:published_time\" content=\"2019-02-11T21:17:09+00:00\" \/>\n<meta property=\"article:modified_time\" content=\"2019-02-11T21:35:53+00:00\" \/>\n<meta property=\"og:image\" content=\"https:\/\/taxialicante.eu\/wp-content\/uploads\/2019\/02\/alicante-elche-airport.jpg\" \/>\n\t<meta property=\"og:image:width\" content=\"800\" \/>\n\t<meta property=\"og:image:height\" content=\"350\" \/>\n\t<meta property=\"og:image:type\" content=\"image\/jpeg\" \/>\n<meta name=\"author\" content=\"Taxi Alicante\" \/>\n<meta name=\"twitter:card\" content=\"summary_large_image\" \/>\n<meta name=\"twitter:label1\" content=\"Written by\" \/>\n\t<meta name=\"twitter:data1\" content=\"Taxi Alicante\" \/>\n\t<meta name=\"twitter:label2\" content=\"Est. reading time\" \/>\n\t<meta name=\"twitter:data2\" content=\"1 minute\" \/>\n<script type=\"application\/ld+json\" class=\"yoast-schema-graph\">{\"@context\":\"https:\/\/schema.org\",\"@graph\":[{\"@type\":\"Article\",\"@id\":\"https:\/\/taxialicante.eu\/fr\/2019\/02\/11\/aeroport-alicante-elche\/#article\",\"isPartOf\":{\"@id\":\"https:\/\/taxialicante.eu\/fr\/2019\/02\/11\/aeroport-alicante-elche\/\"},\"author\":{\"name\":\"Taxi Alicante\",\"@id\":\"https:\/\/taxialicante.eu\/#\/schema\/person\/1d9057877c73caba4def8d499d4c3d90\"},\"headline\":\"L&#8217;A\u00e9roport d&#8217;Alicante-Elche\",\"datePublished\":\"2019-02-11T21:17:09+00:00\",\"dateModified\":\"2019-02-11T21:35:53+00:00\",\"mainEntityOfPage\":{\"@id\":\"https:\/\/taxialicante.eu\/fr\/2019\/02\/11\/aeroport-alicante-elche\/\"},\"wordCount\":158,\"publisher\":{\"@id\":\"https:\/\/taxialicante.eu\/#organization\"},\"image\":{\"@id\":\"https:\/\/taxialicante.eu\/fr\/2019\/02\/11\/aeroport-alicante-elche\/#primaryimage\"},\"thumbnailUrl\":\"https:\/\/taxialicante.eu\/wp-content\/uploads\/2019\/02\/alicante-elche-airport.jpg\",\"keywords\":[\"a\u00e9roport\",\"alicante\",\"alicante elche\",\"costa blanca\",\"espagne\",\"featured\",\"navette aeroport\",\"transfert aeroport\"],\"articleSection\":[\"A\u00e9roport Alicante\"],\"inLanguage\":\"fr\"},{\"@type\":\"WebPage\",\"@id\":\"https:\/\/taxialicante.eu\/fr\/2019\/02\/11\/aeroport-alicante-elche\/\",\"url\":\"https:\/\/taxialicante.eu\/fr\/2019\/02\/11\/aeroport-alicante-elche\/\",\"name\":\"L'A\u00e9roport d'Alicante-Elche - Navette a\u00e9roport priv\u00e9e par Taxi Alicante\",\"isPartOf\":{\"@id\":\"https:\/\/taxialicante.eu\/#website\"},\"primaryImageOfPage\":{\"@id\":\"https:\/\/taxialicante.eu\/fr\/2019\/02\/11\/aeroport-alicante-elche\/#primaryimage\"},\"image\":{\"@id\":\"https:\/\/taxialicante.eu\/fr\/2019\/02\/11\/aeroport-alicante-elche\/#primaryimage\"},\"thumbnailUrl\":\"https:\/\/taxialicante.eu\/wp-content\/uploads\/2019\/02\/alicante-elche-airport.jpg\",\"datePublished\":\"2019-02-11T21:17:09+00:00\",\"dateModified\":\"2019-02-11T21:35:53+00:00\",\"description\":\"Bient\u00f4t, l'a\u00e9roport d'Alicante-Elche sera rendu plus attrayant avec une terrasse panoramique et 18 nouveaux magasins et \u00e9tablissements de restauration.\",\"breadcrumb\":{\"@id\":\"https:\/\/taxialicante.eu\/fr\/2019\/02\/11\/aeroport-alicante-elche\/#breadcrumb\"},\"inLanguage\":\"fr\",\"potentialAction\":[{\"@type\":\"ReadAction\",\"target\":[\"https:\/\/taxialicante.eu\/fr\/2019\/02\/11\/aeroport-alicante-elche\/\"]}]},{\"@type\":\"ImageObject\",\"inLanguage\":\"fr\",\"@id\":\"https:\/\/taxialicante.eu\/fr\/2019\/02\/11\/aeroport-alicante-elche\/#primaryimage\",\"url\":\"https:\/\/taxialicante.eu\/wp-content\/uploads\/2019\/02\/alicante-elche-airport.jpg\",\"contentUrl\":\"https:\/\/taxialicante.eu\/wp-content\/uploads\/2019\/02\/alicante-elche-airport.jpg\",\"width\":800,\"height\":350,\"caption\":\"luchthaven Alicante Elche, airport alicante elche, aeroport alicante elche, flughafen alicante elche, aeropuerto alicante elche\"},{\"@type\":\"BreadcrumbList\",\"@id\":\"https:\/\/taxialicante.eu\/fr\/2019\/02\/11\/aeroport-alicante-elche\/#breadcrumb\",\"itemListElement\":[{\"@type\":\"ListItem\",\"position\":1,\"name\":\"Home\",\"item\":\"https:\/\/taxialicante.eu\/fr\/\"},{\"@type\":\"ListItem\",\"position\":2,\"name\":\"L&#8217;A\u00e9roport d&#8217;Alicante-Elche\"}]},{\"@type\":\"WebSite\",\"@id\":\"https:\/\/taxialicante.eu\/#website\",\"url\":\"https:\/\/taxialicante.eu\/\",\"name\":\"Taxi Alicante\",\"description\":\"25 jaar ervaring in luchthavenvervoer\",\"publisher\":{\"@id\":\"https:\/\/taxialicante.eu\/#organization\"},\"potentialAction\":[{\"@type\":\"SearchAction\",\"target\":{\"@type\":\"EntryPoint\",\"urlTemplate\":\"https:\/\/taxialicante.eu\/?s={search_term_string}\"},\"query-input\":{\"@type\":\"PropertyValueSpecification\",\"valueRequired\":true,\"valueName\":\"search_term_string\"}}],\"inLanguage\":\"fr\"},{\"@type\":\"Organization\",\"@id\":\"https:\/\/taxialicante.eu\/#organization\",\"name\":\"Taxi Alicante\",\"url\":\"https:\/\/taxialicante.eu\/\",\"logo\":{\"@type\":\"ImageObject\",\"inLanguage\":\"fr\",\"@id\":\"https:\/\/taxialicante.eu\/#\/schema\/logo\/image\/\",\"url\":\"https:\/\/taxialicante.eu\/wp-content\/uploads\/2017\/02\/logo-red-1.png\",\"contentUrl\":\"https:\/\/taxialicante.eu\/wp-content\/uploads\/2017\/02\/logo-red-1.png\",\"width\":350,\"height\":84,\"caption\":\"Taxi Alicante\"},\"image\":{\"@id\":\"https:\/\/taxialicante.eu\/#\/schema\/logo\/image\/\"},\"sameAs\":[\"https:\/\/www.facebook.com\/taxialicantevalencia\/?fref=ts\"]},{\"@type\":\"Person\",\"@id\":\"https:\/\/taxialicante.eu\/#\/schema\/person\/1d9057877c73caba4def8d499d4c3d90\",\"name\":\"Taxi Alicante\",\"image\":{\"@type\":\"ImageObject\",\"inLanguage\":\"fr\",\"@id\":\"https:\/\/taxialicante.eu\/#\/schema\/person\/image\/\",\"url\":\"https:\/\/secure.gravatar.com\/avatar\/643d740b11cc02a040a6cf787d5ed09df40e0ca8bdf8d79153fa12211f8de733?s=96&d=mm&r=g\",\"contentUrl\":\"https:\/\/secure.gravatar.com\/avatar\/643d740b11cc02a040a6cf787d5ed09df40e0ca8bdf8d79153fa12211f8de733?s=96&d=mm&r=g\",\"caption\":\"Taxi Alicante\"}}]}<\/script>\n<!-- \/ Yoast SEO plugin. -->","yoast_head_json":{"title":"L'A\u00e9roport d'Alicante-Elche - Navette a\u00e9roport priv\u00e9e par Taxi Alicante","description":"Bient\u00f4t, l'a\u00e9roport d'Alicante-Elche sera rendu plus attrayant avec une terrasse panoramique et 18 nouveaux magasins et \u00e9tablissements de restauration.","robots":{"index":"index","follow":"follow","max-snippet":"max-snippet:-1","max-image-preview":"max-image-preview:large","max-video-preview":"max-video-preview:-1"},"og_locale":"fr_FR","og_type":"article","og_title":"L'A\u00e9roport d'Alicante-Elche - Navette a\u00e9roport priv\u00e9e par Taxi Alicante","og_description":"Bient\u00f4t, l'a\u00e9roport d'Alicante-Elche sera rendu plus attrayant avec une terrasse panoramique et 18 nouveaux magasins et \u00e9tablissements de restauration.","og_url":"https:\/\/taxialicante.eu\/fr\/2019\/02\/11\/aeroport-alicante-elche\/","og_site_name":"Taxi Alicante","article_publisher":"https:\/\/www.facebook.com\/taxialicantevalencia\/?fref=ts","article_published_time":"2019-02-11T21:17:09+00:00","article_modified_time":"2019-02-11T21:35:53+00:00","og_image":[{"width":800,"height":350,"url":"https:\/\/taxialicante.eu\/wp-content\/uploads\/2019\/02\/alicante-elche-airport.jpg","type":"image\/jpeg"}],"author":"Taxi Alicante","twitter_card":"summary_large_image","twitter_misc":{"Written by":"Taxi Alicante","Est. reading time":"1 minute"},"schema":{"@context":"https:\/\/schema.org","@graph":[{"@type":"Article","@id":"https:\/\/taxialicante.eu\/fr\/2019\/02\/11\/aeroport-alicante-elche\/#article","isPartOf":{"@id":"https:\/\/taxialicante.eu\/fr\/2019\/02\/11\/aeroport-alicante-elche\/"},"author":{"name":"Taxi Alicante","@id":"https:\/\/taxialicante.eu\/#\/schema\/person\/1d9057877c73caba4def8d499d4c3d90"},"headline":"L&#8217;A\u00e9roport d&#8217;Alicante-Elche","datePublished":"2019-02-11T21:17:09+00:00","dateModified":"2019-02-11T21:35:53+00:00","mainEntityOfPage":{"@id":"https:\/\/taxialicante.eu\/fr\/2019\/02\/11\/aeroport-alicante-elche\/"},"wordCount":158,"publisher":{"@id":"https:\/\/taxialicante.eu\/#organization"},"image":{"@id":"https:\/\/taxialicante.eu\/fr\/2019\/02\/11\/aeroport-alicante-elche\/#primaryimage"},"thumbnailUrl":"https:\/\/taxialicante.eu\/wp-content\/uploads\/2019\/02\/alicante-elche-airport.jpg","keywords":["a\u00e9roport","alicante","alicante elche","costa blanca","espagne","featured","navette aeroport","transfert aeroport"],"articleSection":["A\u00e9roport Alicante"],"inLanguage":"fr"},{"@type":"WebPage","@id":"https:\/\/taxialicante.eu\/fr\/2019\/02\/11\/aeroport-alicante-elche\/","url":"https:\/\/taxialicante.eu\/fr\/2019\/02\/11\/aeroport-alicante-elche\/","name":"L'A\u00e9roport d'Alicante-Elche - Navette a\u00e9roport priv\u00e9e par Taxi Alicante","isPartOf":{"@id":"https:\/\/taxialicante.eu\/#website"},"primaryImageOfPage":{"@id":"https:\/\/taxialicante.eu\/fr\/2019\/02\/11\/aeroport-alicante-elche\/#primaryimage"},"image":{"@id":"https:\/\/taxialicante.eu\/fr\/2019\/02\/11\/aeroport-alicante-elche\/#primaryimage"},"thumbnailUrl":"https:\/\/taxialicante.eu\/wp-content\/uploads\/2019\/02\/alicante-elche-airport.jpg","datePublished":"2019-02-11T21:17:09+00:00","dateModified":"2019-02-11T21:35:53+00:00","description":"Bient\u00f4t, l'a\u00e9roport d'Alicante-Elche sera rendu plus attrayant avec une terrasse panoramique et 18 nouveaux magasins et \u00e9tablissements de restauration.","breadcrumb":{"@id":"https:\/\/taxialicante.eu\/fr\/2019\/02\/11\/aeroport-alicante-elche\/#breadcrumb"},"inLanguage":"fr","potentialAction":[{"@type":"ReadAction","target":["https:\/\/taxialicante.eu\/fr\/2019\/02\/11\/aeroport-alicante-elche\/"]}]},{"@type":"ImageObject","inLanguage":"fr","@id":"https:\/\/taxialicante.eu\/fr\/2019\/02\/11\/aeroport-alicante-elche\/#primaryimage","url":"https:\/\/taxialicante.eu\/wp-content\/uploads\/2019\/02\/alicante-elche-airport.jpg","contentUrl":"https:\/\/taxialicante.eu\/wp-content\/uploads\/2019\/02\/alicante-elche-airport.jpg","width":800,"height":350,"caption":"luchthaven Alicante Elche, airport alicante elche, aeroport alicante elche, flughafen alicante elche, aeropuerto alicante elche"},{"@type":"BreadcrumbList","@id":"https:\/\/taxialicante.eu\/fr\/2019\/02\/11\/aeroport-alicante-elche\/#breadcrumb","itemListElement":[{"@type":"ListItem","position":1,"name":"Home","item":"https:\/\/taxialicante.eu\/fr\/"},{"@type":"ListItem","position":2,"name":"L&#8217;A\u00e9roport d&#8217;Alicante-Elche"}]},{"@type":"WebSite","@id":"https:\/\/taxialicante.eu\/#website","url":"https:\/\/taxialicante.eu\/","name":"Taxi Alicante","description":"25 jaar ervaring in luchthavenvervoer","publisher":{"@id":"https:\/\/taxialicante.eu\/#organization"},"potentialAction":[{"@type":"SearchAction","target":{"@type":"EntryPoint","urlTemplate":"https:\/\/taxialicante.eu\/?s={search_term_string}"},"query-input":{"@type":"PropertyValueSpecification","valueRequired":true,"valueName":"search_term_string"}}],"inLanguage":"fr"},{"@type":"Organization","@id":"https:\/\/taxialicante.eu\/#organization","name":"Taxi Alicante","url":"https:\/\/taxialicante.eu\/","logo":{"@type":"ImageObject","inLanguage":"fr","@id":"https:\/\/taxialicante.eu\/#\/schema\/logo\/image\/","url":"https:\/\/taxialicante.eu\/wp-content\/uploads\/2017\/02\/logo-red-1.png","contentUrl":"https:\/\/taxialicante.eu\/wp-content\/uploads\/2017\/02\/logo-red-1.png","width":350,"height":84,"caption":"Taxi Alicante"},"image":{"@id":"https:\/\/taxialicante.eu\/#\/schema\/logo\/image\/"},"sameAs":["https:\/\/www.facebook.com\/taxialicantevalencia\/?fref=ts"]},{"@type":"Person","@id":"https:\/\/taxialicante.eu\/#\/schema\/person\/1d9057877c73caba4def8d499d4c3d90","name":"Taxi Alicante","image":{"@type":"ImageObject","inLanguage":"fr","@id":"https:\/\/taxialicante.eu\/#\/schema\/person\/image\/","url":"https:\/\/secure.gravatar.com\/avatar\/643d740b11cc02a040a6cf787d5ed09df40e0ca8bdf8d79153fa12211f8de733?s=96&d=mm&r=g","contentUrl":"https:\/\/secure.gravatar.com\/avatar\/643d740b11cc02a040a6cf787d5ed09df40e0ca8bdf8d79153fa12211f8de733?s=96&d=mm&r=g","caption":"Taxi Alicante"}}]}},"_links":{"self":[{"href":"https:\/\/taxialicante.eu\/fr\/wp-json\/wp\/v2\/posts\/4567","targetHints":{"allow":["GET"]}}],"collection":[{"href":"https:\/\/taxialicante.eu\/fr\/wp-json\/wp\/v2\/posts"}],"about":[{"href":"https:\/\/taxialicante.eu\/fr\/wp-json\/wp\/v2\/types\/post"}],"author":[{"embeddable":true,"href":"https:\/\/taxialicante.eu\/fr\/wp-json\/wp\/v2\/users\/1"}],"replies":[{"embeddable":true,"href":"https:\/\/taxialicante.eu\/fr\/wp-json\/wp\/v2\/comments?post=4567"}],"version-history":[{"count":0,"href":"https:\/\/taxialicante.eu\/fr\/wp-json\/wp\/v2\/posts\/4567\/revisions"}],"wp:featuredmedia":[{"embeddable":true,"href":"https:\/\/taxialicante.eu\/fr\/wp-json\/wp\/v2\/media\/4564"}],"wp:attachment":[{"href":"https:\/\/taxialicante.eu\/fr\/wp-json\/wp\/v2\/media?parent=4567"}],"wp:term":[{"taxonomy":"category","embeddable":true,"href":"https:\/\/taxialicante.eu\/fr\/wp-json\/wp\/v2\/categories?post=4567"},{"taxonomy":"post_tag","embeddable":true,"href":"https:\/\/taxialicante.eu\/fr\/wp-json\/wp\/v2\/tags?post=4567"}],"curies":[{"name":"wp","href":"https:\/\/api.w.org\/{rel}","templated":true}]}}